{"id":4976,"date":"2026-09-04T07:03:48","date_gmt":"2026-09-04T05:03:48","guid":{"rendered":"https:\/\/povijest.net\/hpp\/?p=4976"},"modified":"2026-09-04T07:04:35","modified_gmt":"2026-09-04T05:04:35","slug":"koristite-europeanu-u-nastavi-povijesti-predstavite-svoj-primjer-dobre-prakse","status":"publish","type":"post","link":"https:\/\/povijest.net\/hpp\/2026\/koristite-europeanu-u-nastavi-povijesti-predstavite-svoj-primjer-dobre-prakse\/","title":{"rendered":"Koristite Europeanu u nastavi Povijesti? Predstavite svoj primjer dobre prakse"},"content":{"rendered":"\n<p class=\"wp-block-paragraph\"><strong>Europeana Education Community <\/strong>poziva u\u010ditelje, nastavnike i druge edukatore da do kraja prosinca 2026. prijave primjere dobre prakse u kojima su digitaliziranu kulturnu ba\u0161tinu dostupnu na Europeana.eu koristili u obrazovanju. Odabrani primjeri bit \u0107e predstavljeni u posebnoj publikaciji na Europeana.eu.<\/p>\n\n\n\n<!--more-->\n\n\n\n<figure class=\"wp-block-image size-full\"><img loading=\"lazy\" decoding=\"async\" width=\"1024\" height=\"130\" src=\"https:\/\/povijest.net\/hpp\/wp-content\/uploads\/2025\/09\/preporuke-za-edukatore.jpg\" alt=\"Preporu\u010deno za u\u010ditelje i nastavnike\" class=\"wp-image-972\" srcset=\"https:\/\/povijest.net\/hpp\/wp-content\/uploads\/2025\/09\/preporuke-za-edukatore.jpg 1024w, https:\/\/povijest.net\/hpp\/wp-content\/uploads\/2025\/09\/preporuke-za-edukatore-300x38.jpg 300w, https:\/\/povijest.net\/hpp\/wp-content\/uploads\/2025\/09\/preporuke-za-edukatore-768x98.jpg 768w\" sizes=\"auto, (max-width: 1024px) 100vw, 1024px\" \/><\/figure>\n\n\n\n<p class=\"wp-block-paragraph\">Europeana okuplja milijune digitaliziranih predmeta iz europskih muzeja, arhiva, knji\u017enica i drugih ba\u0161tinskih ustanova \u2013 fotografije, dokumente, umjetni\u010dka djela, zemljovide, plakate, novine, rukopise i brojne druge povijesne izvore. Sada Europeana Education Community tra\u017ei konkretne primjere njihove uporabe u obrazovanju.<\/p>\n\n\n\n<p class=\"wp-block-paragraph\">Poziv je posebno zanimljiv u\u010diteljima i nastavnicima Povijesti. Hrvatski predmetni kurikulum me\u0111u ciljevima nastave Povijesti isti\u010de rad s povijesnim izvorima, sagledavanje doga\u0111aja iz razli\u010ditih perspektiva, postavljanje pitanja, argumentiranje te razumijevanje va\u017enosti o\u010duvanja kulturne, povijesne i duhovne ba\u0161tine. Digitalne zbirke Europeane pru\u017eaju velik prostor upravo za takve aktivnosti.<\/p>\n\n\n\n<p class=\"wp-block-paragraph\">Ako vam je Europeana nepoznanica svakako pogledajte webinar Platforme Klio:<\/p>\n\n\n\n<figure class=\"wp-block-embed is-type-video is-provider-youtube wp-block-embed-youtube wp-embed-aspect-16-9 wp-has-aspect-ratio\"><div class=\"wp-block-embed__wrapper\">\n<iframe loading=\"lazy\" title=\"Webinar: Implementirajte Europeana materijale i sudjelujte u natje\u010daju\" width=\"1290\" height=\"726\" src=\"https:\/\/www.youtube.com\/embed\/lns4NeqMQ4g?feature=oembed\" frameborder=\"0\" allow=\"accelerometer; autoplay; clipboard-write; encrypted-media; gyroscope; picture-in-picture; web-share\" referrerpolicy=\"strict-origin-when-cross-origin\" allowfullscreen><\/iframe>\n<\/div><\/figure>\n\n\n\n<h3 class=\"wp-block-heading\">\u0160to mo\u017eete prijaviti?<\/h3>\n\n\n\n<p class=\"wp-block-paragraph\">Europeana ne tra\u017ei samo velike me\u0111unarodne projekte. Prijaviti se mogu razli\u010diti primjeri uporabe digitalne kulturne ba\u0161tine u obrazovanju: projekti provedeni u \u0161kolama, na fakultetima, u strukovnom obrazovanju i drugim ustanovama, ali i muzejske, istra\u017eiva\u010dke, umjetni\u010dke ili aktivnosti u lokalnoj zajednici. Bitno je da je u obrazovnoj aktivnosti kori\u0161ten sadr\u017eaj dostupan kroz Europeanu.<\/p>\n\n\n\n<p class=\"wp-block-paragraph\">Za u\u010ditelja Povijesti to bi, primjerice, mogao biti nastavni projekt ili aktivnost u kojoj su u\u010denici:<\/p>\n\n\n\n<ul class=\"wp-block-list\">\n<li>analizirali povijesne fotografije ili plakate prona\u0111ene na Europeani<\/li>\n\n\n\n<li>uspore\u0111ivali razli\u010dite prikaze istog povijesnog doga\u0111aja<\/li>\n\n\n\n<li>istra\u017eivali lokalnu ili nacionalnu ba\u0161tinu u europskom kontekstu<\/li>\n\n\n\n<li>koristili stare zemljovide, novine, razglednice ili umjetni\u010dka djela kao povijesne izvore<\/li>\n\n\n\n<li>izra\u0111ivali digitalnu izlo\u017ebu, pri\u010du, vremensku crtu ili drugi proizvod temeljen na izvorima<\/li>\n\n\n\n<li>povezivali predmete iz hrvatskih zbirki s gra\u0111om drugih europskih ustanova.<\/li>\n<\/ul>\n\n\n\n<p class=\"wp-block-paragraph\">Drugim rije\u010dima, ako ste Europeanu ve\u0107 koristili kako biste u\u010denike potaknuli da <strong>rade s izvorima, postavljaju pitanja i istra\u017euju pro\u0161lost<\/strong>, mogu\u0107e je da ve\u0107 imate primjer vrijedan prijave.<\/p>\n\n\n\n<h3 class=\"wp-block-heading\">Za\u0161to prijaviti svoj rad?<\/h3>\n\n\n\n<p class=\"wp-block-paragraph\">Europeana \u0107e pregledati pristigle prijave i odabrane primjere predstaviti u posebnoj publikaciji na Europeana.eu. Time nastavna praksa iz hrvatskih \u0161kola mo\u017ee postati vidljiva kolegama i edukatorima iz cijele Europe. Poziv je ujedno prilika da poka\u017eemo kako digitalizirana kulturna ba\u0161tina nije samo zbirka sadr\u017eaja koju u\u010denici mogu pregledavati, nego materijal s kojim mogu aktivno <strong>istra\u017eivati, uspore\u0111ivati, zaklju\u010divati i graditi povijesno razumijevanje<\/strong>.<\/p>\n\n\n\n<h3 class=\"wp-block-heading\">Rok za prijavu<\/h3>\n\n\n\n<p class=\"wp-block-paragraph\"><strong>Prijave su otvorene do kraja prosinca 2026.<\/strong> Europeana <a href=\"https:\/\/www.europeana.eu\/en\/stories\/digital-heritage-in-education\" target=\"_blank\" rel=\"noopener\">na svojoj stranici poziva sve edukatore<\/a> na sudjelovanje. Ako jo\u0161 niste \u010dlan Europeana Education Community, mo\u017eete se besplatno uklju\u010diti preko Europeana Network Association.<\/p>\n\n\n\n<p class=\"wp-block-paragraph\">Ako ste Europeanu koristili u nastavi Povijesti, nemojte automatski zaklju\u010diti da je va\u0161a aktivnost \u201epremala\u201d za ovakav poziv. Dobra nastavna ideja koja pokazuje \u0161to u\u010denici rade s digitaliziranom ba\u0161tinom upravo je ono \u0161to vrijedi podijeliti s drugim edukatorima.<\/p>\n","protected":false},"excerpt":{"rendered":"<p>Europeana Education Community poziva u\u010ditelje, nastavnike i druge edukatore da do kraja prosinca 2026. prijave primjere dobre prakse u kojima su digitaliziranu kulturnu ba\u0161tinu dostupnu na Europeana.eu koristili u obrazovanju. Odabrani primjeri bit \u0107e predstavljeni u posebnoj publikaciji na Europeana.eu.<\/p>\n","protected":false},"author":1,"featured_media":4977,"comment_status":"open","ping_status":"open","sticky":false,"template":"","format":"standard","meta":{"footnotes":""},"categories":[59],"tags":[1185],"class_list":["post-4976","post","type-post","status-publish","format-standard","has-post-thumbnail","hentry","category-vijesti-za-edukatore","tag-europeana"],"blocksy_meta":{"styles_descriptor":{"styles":{"desktop":"","tablet":"","mobile":""},"google_fonts":[],"version":8}},"_links":{"self":[{"href":"https:\/\/povijest.net\/hpp\/wp-json\/wp\/v2\/posts\/4976","targetHints":{"allow":["GET"]}}],"collection":[{"href":"https:\/\/povijest.net\/hpp\/wp-json\/wp\/v2\/posts"}],"about":[{"href":"https:\/\/povijest.net\/hpp\/wp-json\/wp\/v2\/types\/post"}],"author":[{"embeddable":true,"href":"https:\/\/povijest.net\/hpp\/wp-json\/wp\/v2\/users\/1"}],"replies":[{"embeddable":true,"href":"https:\/\/povijest.net\/hpp\/wp-json\/wp\/v2\/comments?post=4976"}],"version-history":[{"count":1,"href":"https:\/\/povijest.net\/hpp\/wp-json\/wp\/v2\/posts\/4976\/revisions"}],"predecessor-version":[{"id":4978,"href":"https:\/\/povijest.net\/hpp\/wp-json\/wp\/v2\/posts\/4976\/revisions\/4978"}],"wp:featuredmedia":[{"embeddable":true,"href":"https:\/\/povijest.net\/hpp\/wp-json\/wp\/v2\/media\/4977"}],"wp:attachment":[{"href":"https:\/\/povijest.net\/hpp\/wp-json\/wp\/v2\/media?parent=4976"}],"wp:term":[{"taxonomy":"category","embeddable":true,"href":"https:\/\/povijest.net\/hpp\/wp-json\/wp\/v2\/categories?post=4976"},{"taxonomy":"post_tag","embeddable":true,"href":"https:\/\/povijest.net\/hpp\/wp-json\/wp\/v2\/tags?post=4976"}],"curies":[{"name":"wp","href":"https:\/\/api.w.org\/{rel}","templated":true}]}}