{"id":1782,"date":"2018-04-30T21:36:00","date_gmt":"2018-04-30T19:36:00","guid":{"rendered":"https:\/\/povijest.net\/hpp\/?p=1782"},"modified":"2026-08-12T21:43:23","modified_gmt":"2026-08-12T19:43:23","slug":"podmornica-u-tajnoj-operaciji-izbacivanja-lesa","status":"publish","type":"post","link":"https:\/\/povijest.net\/hpp\/2018\/podmornica-u-tajnoj-operaciji-izbacivanja-lesa\/","title":{"rendered":"Podmornica u tajnoj operaciji izbacivanja le\u0161a"},"content":{"rendered":"\n<p class=\"wp-block-paragraph\">Na dana\u0161nji dan 1943. godine, u zavr\u0161noj fazi kontraobavje\u0161tajne operacije MINCEMEAT, britanska podmornica HMS Seraph pri\u0161la je obali blizu \u0161panjolskog gradi\u0107a Huelva u plitkim vodama zaljeva Cadiz. Bila je na svojoj drugoj super tajnoj misiji pod zapovjedni\u0161tvom sposobnog i pouzdanog poru\u010dnika Jewella. Prva se odigrala pol godine ranije, kad je Seraph isporu\u010dila ameri\u010dkog generala Marka Clarka u Al\u017eir, na sastanak s grupom starijih francuskih oficira, u sklopu priprema za operaciju TORCH.<\/p>\n\n\n\n<!--more-->\n\n\n\n<p class=\"wp-block-paragraph\">Ovaj je put, poru\u010dnik Jewell morao isporu\u010diti biv\u0161u osobu. Le\u0161 \u201cbojnika Martina\u201d (falsifikat njegovih isprava je u naslovnoj fotografiji). Petorica \u010dasnika su u zoru 30. travnja 1943. na palubu izvukla cilindri\u010dni kontejner iz kojeg su izvukli tijelo zasuto suhim ledom sa aktovkom punom raznih dokumenata pri\u010dvr\u0161\u0107enom za zape\u0161\u0107e i navu\u010denim ispuhanim Mae West pojasom za spa\u0161avanje, te ga bacili u more. Kilometar-dva prema otvorenom moru bacili su i standardnu RAF splav na napuhavanje. Operacija MINCEMEAT je bila gotova, a potisak vijaka odlaze\u0107e podmornice samo je pomogao plimi u izbacivanju le\u0161a na obalu.<\/p>\n\n\n<script async src=\"https:\/\/pagead2.googlesyndication.com\/pagead\/js\/adsbygoogle.js?client=ca-pub-3125635016686955\"\r\n     crossorigin=\"anonymous\"><\/script>\r\n<!-- U \u010dlanku na CA -->\r\n<ins class=\"adsbygoogle\"\r\n     style=\"display:block\"\r\n     data-ad-client=\"ca-pub-3125635016686955\"\r\n     data-ad-slot=\"4895695180\"\r\n     data-ad-format=\"auto\"\r\n     data-full-width-responsive=\"true\"><\/ins>\r\n<script>\r\n     (adsbygoogle = window.adsbygoogle || []).push({});\r\n<\/script>\n\n\n\n<p class=\"wp-block-paragraph\">Cilj operacije bio je skretanje pa\u017enje Nijemaca s idu\u0107e logi\u010dne mete Saveznika \u2013 Sicilije. Prema poru\u010dniku bojnog broda Ewanu Montagu, tvorcu operacije:<\/p>\n\n\n\n<blockquote class=\"wp-block-quote is-layout-flow wp-block-quote-is-layout-flow\">\n<p class=\"wp-block-paragraph\">Nismo se nadali uvjeriti Nijemce da ne\u0107emo napasti Siciliju, ali smo se nadali kako bi ih mogli zavarati da \u0107emo prvo zauzeti Sardiniju, a potom se spustiti na Siciliju, sa sjevera.<\/p>\n<\/blockquote>\n\n\n\n<figure class=\"wp-block-image size-full\"><img loading=\"lazy\" decoding=\"async\" width=\"700\" height=\"465\" src=\"https:\/\/povijest.net\/hpp\/wp-content\/uploads\/2018\/04\/UK_National_Archives_-_WO_1065921.jpg\" alt=\"Fotografija izmi\u0161ljene djevojke Pam\" class=\"wp-image-1787\" srcset=\"https:\/\/povijest.net\/hpp\/wp-content\/uploads\/2018\/04\/UK_National_Archives_-_WO_1065921.jpg 700w, https:\/\/povijest.net\/hpp\/wp-content\/uploads\/2018\/04\/UK_National_Archives_-_WO_1065921-300x199.jpg 300w\" sizes=\"auto, (max-width: 700px) 100vw, 700px\" \/><figcaption class=\"wp-element-caption\">Fotografija izmi\u0161ljene djevojke Pam<\/figcaption><\/figure>\n\n\n\n<p class=\"wp-block-paragraph\">Osim Sardinije, iz \u201cbojnikovih\u201d se papira moglo zaklju\u010diti da se planira i operacija u Gr\u010dkoj. Kako bi pri\u010di dao vjerodostojnost, Montagu je u operaciju uveo i general-lajtnanta sir Archibalda Nyea, zamjenika na\u010delnika Imperijalnog general\u0161taba, \u010dije je privatno pismo generalu Alexanderu uba\u010deno me\u0111u ostale dokumente koje je \u201cbojnik Martin\u201d imao uza se. Kako se nakon rata ispostavilo, Nyeovo izvanredno \u201cDear Alex\u201d pismo, bilo je jedan od glavnih elemenata uspjeha operacije.<\/p>\n","protected":false},"excerpt":{"rendered":"<p>Na dana\u0161nji dan 1943. godine, u zavr\u0161noj fazi kontraobavje\u0161tajne operacije MINCEMEAT, britanska podmornica HMS Seraph pri\u0161la je obali blizu \u0161panjolskog gradi\u0107a Huelva u plitkim vodama zaljeva Cadiz. Bila je na svojoj drugoj super tajnoj misiji pod zapovjedni\u0161tvom sposobnog i pouzdanog poru\u010dnika Jewella. Prva se odigrala pol godine ranije, kad je Seraph isporu\u010dila ameri\u010dkog generala Marka [&hellip;]<\/p>\n","protected":false},"author":29,"featured_media":1785,"comment_status":"open","ping_status":"open","sticky":false,"template":"","format":"standard","meta":{"footnotes":""},"categories":[28],"tags":[46],"class_list":["post-1782","post","type-post","status-publish","format-standard","has-post-thumbnail","hentry","category-vojna-povijest","tag-drugi-svjetski-rat"],"blocksy_meta":{"styles_descriptor":{"styles":{"desktop":"","tablet":"","mobile":""},"google_fonts":[],"version":7}},"_links":{"self":[{"href":"https:\/\/povijest.net\/hpp\/wp-json\/wp\/v2\/posts\/1782","targetHints":{"allow":["GET"]}}],"collection":[{"href":"https:\/\/povijest.net\/hpp\/wp-json\/wp\/v2\/posts"}],"about":[{"href":"https:\/\/povijest.net\/hpp\/wp-json\/wp\/v2\/types\/post"}],"author":[{"embeddable":true,"href":"https:\/\/povijest.net\/hpp\/wp-json\/wp\/v2\/users\/29"}],"replies":[{"embeddable":true,"href":"https:\/\/povijest.net\/hpp\/wp-json\/wp\/v2\/comments?post=1782"}],"version-history":[{"count":3,"href":"https:\/\/povijest.net\/hpp\/wp-json\/wp\/v2\/posts\/1782\/revisions"}],"predecessor-version":[{"id":1788,"href":"https:\/\/povijest.net\/hpp\/wp-json\/wp\/v2\/posts\/1782\/revisions\/1788"}],"wp:featuredmedia":[{"embeddable":true,"href":"https:\/\/povijest.net\/hpp\/wp-json\/wp\/v2\/media\/1785"}],"wp:attachment":[{"href":"https:\/\/povijest.net\/hpp\/wp-json\/wp\/v2\/media?parent=1782"}],"wp:term":[{"taxonomy":"category","embeddable":true,"href":"https:\/\/povijest.net\/hpp\/wp-json\/wp\/v2\/categories?post=1782"},{"taxonomy":"post_tag","embeddable":true,"href":"https:\/\/povijest.net\/hpp\/wp-json\/wp\/v2\/tags?post=1782"}],"curies":[{"name":"wp","href":"https:\/\/api.w.org\/{rel}","templated":true}]}}