{"id":7690,"date":"2024-12-16T20:55:28","date_gmt":"2024-12-16T19:55:28","guid":{"rendered":"https:\/\/povijest.net\/ca\/?p=7690"},"modified":"2024-12-16T20:56:49","modified_gmt":"2024-12-16T19:56:49","slug":"najava-holokaust-na-tlu-njemackog-okupacijskog-podrucja-u-srbiji-1941-1944","status":"publish","type":"post","link":"https:\/\/povijest.net\/ca\/2024\/najava-holokaust-na-tlu-njemackog-okupacijskog-podrucja-u-srbiji-1941-1944\/","title":{"rendered":"NAJAVA: Holokaust na tlu njema\u010dkog okupacijskog podru\u010dja u Srbiji 1941.-1944."},"content":{"rendered":"\n<p>Dr. sc. Sanja Petrovi\u0107 Todosijevi\u0107 vodi nas kroz faze i dinamiku provo\u0111enja Holokausta na podru\u010dju Srbije pod njema\u010dkom okupacijom. Predavanje se fokusira na \u017eivot \u017didova, logore poput Sajmi\u0161ta, propagandu i tragi\u010dne ishode za \u017eidovsku zajednicu. Analiza kombinira povijesne \u010dinjenice, dokumente i lokalne kontekste.<\/p>\n\n\n\n<!--more-->\n\n\n\n<p>Webinar je besplatan, a broj mjesta ograni\u010den.&nbsp;<a href=\"https:\/\/us02web.zoom.us\/j\/85023382485?pwd=15ucmDCV4u4vPWSgyOQXuGDlVDTIY5.1\">Registrirajte se ovdje<\/a>&nbsp;na vrijeme.<\/p>\n\n\n\n<div class=\"wp-block-media-text is-stacked-on-mobile\"><figure class=\"wp-block-media-text__media\"><img loading=\"lazy\" decoding=\"async\" width=\"1024\" height=\"540\" src=\"https:\/\/povijest.net\/ca\/wp-content\/uploads\/2024\/12\/tjedan-edukacije-o-Holokaustu-2025-1024x540.jpg\" alt=\"Tjedan edukacije o Holokaustu 2025\" class=\"wp-image-7684 size-full\" srcset=\"https:\/\/povijest.net\/ca\/wp-content\/uploads\/2024\/12\/tjedan-edukacije-o-Holokaustu-2025-1024x540.jpg 1024w, https:\/\/povijest.net\/ca\/wp-content\/uploads\/2024\/12\/tjedan-edukacije-o-Holokaustu-2025-300x158.jpg 300w, https:\/\/povijest.net\/ca\/wp-content\/uploads\/2024\/12\/tjedan-edukacije-o-Holokaustu-2025-768x405.jpg 768w, https:\/\/povijest.net\/ca\/wp-content\/uploads\/2024\/12\/tjedan-edukacije-o-Holokaustu-2025.jpg 1180w\" sizes=\"auto, (max-width: 1024px) 100vw, 1024px\" \/><\/figure><div class=\"wp-block-media-text__content\">\n<p>Ovo predavanje je dio aktivnosti u sklopu <a href=\"https:\/\/povijest.net\/ca\/2024\/tjedan-edukacije-o-holokaustu-2025\/\">Tjedna edukacije o Holokaustu 2025<\/a>. <\/p>\n<\/div><\/div>\n\n\n\n<div style=\"height:35px\" aria-hidden=\"true\" class=\"wp-block-spacer\"><\/div>\n\n\n\n<h2 class=\"wp-block-heading\">Detalji predavanja<\/h2>\n\n\n\n<p>Predavanje pod nazivom Holokaust na tlu njema\u010dke okupacijske zone u Srbiji ima za cilj ukazati na dinamiku i sve faze provo\u0111enja Holokausta na prostoru koji danas obuhva\u0107a najve\u0107i dio sredi\u0161nje Srbije, Banat i sjeverne dijelove Kosova, tj. one teritorije koje su se u travnju 1941. godine na\u0161le u sastavu njema\u010dkog okupacijskog podru\u010dja u Srbiji, a na kojima je uveden strogi okupacijski re\u017eim potpomognut doma\u0107om kolaboracionisti\u010dkom upravom.<\/p>\n\n\n\n<p>Holokaust na tlu njema\u010dkog okupacijskog podru\u010dja u Srbiji provodio se od prvih dana okupacije. Obuhva\u0107ao je kako doma\u0107e \u017eidovsko stanovni\u0161tvo, tako i \u017didove emigrante iz sredi\u0161nje Europe koji do po\u010detka napada Njema\u010dke i njezinih saveznika na Jugoslaviju nisu uspjeli napustiti teritorij Kraljevine Jugoslavije (primjer Kladovskog transporta). Nakon provo\u0111enja prvih mjera (prijavljivanje, ozna\u010davanje, popisivanje i oduzimanje imovine), ve\u0107 tijekom ljeta uslijedilo je zatvaranje u logore, a do kraja jeseni 1941. strijeljanje odraslog mu\u0161kog \u017eidovskog stanovni\u0161tva na strati\u0161tima u okolici velikih gradova (Pan\u010devo, Beograd, Ni\u0161, \u0160abac\u2026). Osnivanjem \u017didovskog logora Zemun u prosincu 1941. zapo\u010dela je nova faza u provo\u0111enju Holokausta na tlu njema\u010dke okupacijske zone u Srbiji. Ta je faza zavr\u0161ila u lipnju 1942., kada su u kamionu s pokretnom plinskom komorom ubijene sve \u017didovke i njihova djeca (njih oko 6.500).<\/p>\n\n\n\n<p>Mo\u017ee se re\u0107i da su nakon lipnja 1942. na podru\u010dju njema\u010dke okupacijske zone u Srbiji pre\u017eivjeli samo oni \u017didovi koji su se do tada uspje\u0161no skrivali, uglavnom poku\u0161avaju\u0107i (neuspje\u0161no) prebje\u0107i na druga okupacijska podru\u010dja. Predavanje \u0107e biti prilika da se skrene pa\u017enja i na ulogu drugih, posebno Koncentracijskog logora Banjica, u provo\u0111enju Holokausta u Srbiji u razdoblju od lipnja 1942. do studenoga 1944.<\/p>\n\n\n\n<p>Provo\u0111enje Holokausta u Srbiji bilo je popra\u0107eno opse\u017enom propagandnom kampanjom, kako okupacijskih tako i kolaboracionisti\u010dkih vlasti, koja je bila usmjerena uglavnom na ve\u0107insko srpsko stanovni\u0161tvo, s ciljem \u201enormalizacije\u201c svih faza u provo\u0111enju Holokausta. Osim toga, posebno je va\u017eno istaknuti da je do eskalacije Holokausta u Srbiji do\u0161lo u vrijeme podizanja, a potom i gu\u0161enja antifa\u0161isti\u010dkog ustanka, \u0161to je rezultiralo brojnim masovnim strijeljanjima civilnog stanovni\u0161tva u vi\u0161e mjesta i gradova u Srbiji, poput Draginca, \u0160apca, Kraljeva i Kragujevca.<\/p>\n\n\n\n<p>Eskalacija nasilja u Srbiji tijekom jeseni 1941. godine pridonijela je slamanju gotovo svakog organiziranog otpora, \u0161to je omogu\u0107ilo nesmetano provo\u0111enje razli\u010ditih segmenata okupacijske politike, pa tako i Holokausta. Ishod Holokausta na raznim okupacijskim podru\u010djima u Srbiji bio je tragi\u010dan. Od 33.577 \u017didova koji su do 1941. \u017eivjeli na teritoriju dana\u0161nje Republike Srbije, ubijeno ih je 27.024, odnosno 80,48% ukupne predratne populacije. Postotak na prostoru njema\u010dke okupacijske zone u Srbiji bio je jo\u0161 ve\u0107i. Od 17.800 \u017didova, koliko ih je 1941. \u017eivjelo na teritoriju njema\u010dke okupacijske zone u Srbiji, uklju\u010duju\u0107i 1.200 \u017didova iz Kladovskog transporta, njih 14.800, ili oko 85%, ubijeno je u Holokaustu.<\/p>\n\n\n\n<h2 class=\"wp-block-heading\">Biografija predava\u010dice<\/h2>\n\n\n\n<div class=\"wp-block-columns is-layout-flex wp-container-core-columns-is-layout-28f84493 wp-block-columns-is-layout-flex\">\n<div class=\"wp-block-column is-layout-flow wp-block-column-is-layout-flow\" style=\"flex-basis:66.66%\">\n<p><strong>Sanja Petrovi\u0107 Todosijevi\u0107<\/strong> vi\u0161a je znanstvena suradnica Instituta za noviju povijest Srbije. Diplomirala je i magistrirala na Odsjeku za povijest Filozofskog fakulteta Sveu\u010dili\u0161ta u Beogradu. Doktorirala je na Fakultetu za medije i komunikacije Sveu\u010dili\u0161ta Singidunum. Bavi se dru\u0161tvenom povije\u0161\u0107u Srbije i Jugoslavije u razdoblju nakon Drugog svjetskog rata, s posebnim naglaskom na povijest djetinjstva i povijest obrazovanja, kao i povije\u0161\u0107u Drugog svjetskog rata, s fokusom na masovne zlo\u010dine, Holokaust i politiku kolaboracionisti\u010dke uprave na tlu njema\u010dke okupacijske zone u Srbiji.<\/p>\n<\/div>\n\n\n\n<div class=\"wp-block-column is-layout-flow wp-block-column-is-layout-flow\" style=\"flex-basis:33.33%\">\n<figure class=\"wp-block-image size-full\"><img loading=\"lazy\" decoding=\"async\" width=\"300\" height=\"300\" src=\"https:\/\/povijest.net\/ca\/wp-content\/uploads\/2024\/12\/Sanja-Petrovic-Todosijevic-300.jpg\" alt=\"Sanja Petrovi\u0107 Todosijevi\u0107\" class=\"wp-image-7696\" srcset=\"https:\/\/povijest.net\/ca\/wp-content\/uploads\/2024\/12\/Sanja-Petrovic-Todosijevic-300.jpg 300w, https:\/\/povijest.net\/ca\/wp-content\/uploads\/2024\/12\/Sanja-Petrovic-Todosijevic-300-150x150.jpg 150w\" sizes=\"auto, (max-width: 300px) 100vw, 300px\" \/><figcaption class=\"wp-element-caption\">Sanja Petrovi\u0107 Todosijevi\u0107<\/figcaption><\/figure>\n<\/div>\n<\/div>\n\n\n\n<p>Autorica je dviju monografija: <em>Ote\u0107emo svetlost bu\u010dnom vodopadu. Reforma osnovno\u0161kolskog sistema u Srbiji 1944.-1959.<\/em> (2018.) i <em>Za bezimene. Djelatnost UNICEF-a u Federativnoj Narodnoj Republici Jugoslaviji 1947.-1954.<\/em> (2008.). Pripremila je za tisak rukopis <em>Grigorije Babovi\u0107, Ljetopis \u0160apca 1933.-1944.<\/em> (2010.). Zajedno s Aleksandrom Ili\u0107 Rajkovi\u0107 uredila je kolektivnu monografiju <em>Bez \u0161kole \u0161ta bi mi?! Ogledi iz povijesti obrazovanja u Srbiji i Jugoslaviji od 19. stolje\u0107a do danas<\/em> (2021.). Koautorica je dvaju ud\u017ebenika povijesti za sedmi i osmi razred osnovne \u0161kole, oba u izdanju izdava\u010dke ku\u0107e Klett.<\/p>\n\n\n\n<p>Dr. Sanja Petrovi\u0107 Todosijevi\u0107 dugogodi\u0161nja je \u010dlanica Projektnog tima Radne skupine Republike Srbije za obnovu biv\u0161eg jugoslavenskog paviljona u Dr\u017eavnom muzeju Auschwitz-Birkenau te \u010dlanica Nacionalne skupine Ministarstva prosvjete, znanosti i tehnolo\u0161kog razvoja Republike Srbije za implementaciju obrazovnih materijala o antisemitizmu ODIHR-a i Ku\u0107e Anne Frank. Sudjelovala je u brojnim me\u0111unarodnim projektima koji su u fokusu imali Holokaust te bila anga\u017eirana na projektima edukacije o Holokaustu. Aktivno sudjeluje u radu znanstvenih radionica, seminara, konferencija i konvencija na temu kulture sje\u0107anja, povijesti Drugog svjetskog rata i Holokausta, kako u Srbiji i regiji, tako i \u0161irom Europe i svijeta.<\/p>\n\n\n\n<p>Aktivna je i kao javna djelatnica. Sudjelovala je u organizaciji i radu brojnih javnih doga\u0111anja s ciljem skretanja pozornosti javnosti na dominantne politike sje\u0107anja i njihov odnos prema naslje\u0111u Drugog svjetskog rata. Tekstove objavljuje i kao publicistkinja. Neki od tekstova su i:<\/p>\n\n\n\n<ul class=\"wp-block-list\">\n<li><a href=\"https:\/\/respublicacasopis.net\/2023\/05\/09\/obale-politika-secanja-u-srbiji-i-dio\/\">Obale politika se\u0107anja u Srbiji<\/a> (I dio)<\/li>\n\n\n\n<li><a href=\"https:\/\/respublicacasopis.net\/2023\/05\/10\/obale-politika-secanja-u-srbiji-ii-dio\/\" target=\"_blank\" rel=\"noreferrer noopener\">Obale politika se\u0107anja u Srbiji <\/a>(II dio)<\/li>\n\n\n\n<li><a href=\"https:\/\/remarker.media\/drustvo\/memorijalni-kompleks-bosko-buha\/\" target=\"_blank\" rel=\"noreferrer noopener\">Memorijalni kompleks Bo\u0161ko Buha<\/a><\/li>\n\n\n\n<li><a href=\"https:\/\/remarker.media\/drustvo\/srecan-ti-rodendan-slobodanka-markovic\/\" target=\"_blank\" rel=\"noreferrer noopener\">Sre\u0107an ti ro\u0111endan, Slobodanka Markovi\u0107!<\/a><\/li>\n<\/ul>\n\n\n\n<p>Jedna je od osniva\u010dica Centra za jugoslavenske studije. \u010clanica je neformalne inicijative za o\u010duvanje Memorijalnog kompleksa Bo\u0161ko Buha (Jabuka, Prijepolje). Dobitnica je priznanja <em>BeFem Bring The Noize 2023.<\/em> za borbu protiv desni\u010darskih intervencija u formalnom obrazovanju.<\/p>\n\n\n\n<h2 class=\"wp-block-heading\">Relevantna literatura<\/h2>\n\n\n\n<p>Literatura je na jeziku i pismu na kojem je objavljena.<\/p>\n\n\n\n<ul class=\"wp-block-list\">\n<li>\u041f\u0435\u0442\u0440\u043e\u0432\u0438\u045b \u0422\u043e\u0434\u043e\u0441\u0438\u0458\u0435\u0432\u0438\u045b, \u0421\u0430\u045a\u0430. \u201e\u0425\u043e\u043b\u043e\u043a\u0430\u0443\u0441\u0442 \u0443 \u043c\u0435\u043c\u043e\u0430\u0440\u0441\u043a\u0438\u043c \u0434\u0435\u043b\u0438\u043c\u0430 \u0413\u0440\u0438\u0433\u043e\u0440\u0438\u0458\u0430 \u0413\u043b\u0438\u0448\u0435 \u0411\u0430\u0431\u043e\u0432\u0438\u045b\u0430 (1886-1961)\u201c,&nbsp;<em>\u0426\u0438\u0432\u0438\u043b\u043d\u0435 \u0436\u0440\u0442\u0432\u0435 \u0414\u0440\u0443\u0433\u043e\u0433 \u0441\u0432\u0435\u0442\u0441\u043a\u043e\u0433 \u0440\u0430\u0442\u0430 (1939-1945)<\/em>, \u0443\u0440. \u041c\u0430\u0440\u0438\u0458\u0430\u043d\u0430 \u0421\u0442\u0430\u043d\u043a\u043e\u0432\u0438\u045b, \u0410\u043b\u0435\u043a\u0441\u0435\u0458 \u0408\u0443\u0440\u0458\u0435\u0432\u0438\u0447 \u0411\u0435\u0437\u0443\u0433\u043e\u0459\u043d\u0438, 209-246. \u041a\u0440\u0430\u0433\u0443\u0458\u0435\u0432\u0430\u0446: \u0421\u043f\u043e\u043c\u0435\u043d \u043f\u0430\u0440\u043a \u041a\u0440\u0430\u0433\u0443\u0458\u0435\u0432\u0430\u0447\u043a\u0438 \u043e\u043a\u0442\u043e\u0431\u0430\u0440, 2023.<\/li>\n\n\n\n<li>\u041f\u0435\u0442\u0440\u043e\u0432\u0438\u045b \u0422\u043e\u0434\u043e\u0441\u0438\u0458\u0435\u0432\u0438\u045b, \u0421\u0430\u045a\u0430. \u201e\u0408\u0435\u0432\u0440\u0435\u0458\u0441\u043a\u0438 \u043b\u043e\u0433\u043e\u0440 \u0443 \u0428\u0430\u043f\u0446\u0443 \u043d\u0430 \u0421\u0430\u0432\u0438 \u043a\u0430\u043e \u0446\u0435\u043d\u0442\u0440\u0430\u043b\u043d\u043e \u043c\u0435\u0441\u0442\u043e \u0443 \u043f\u0440\u043e\u0446\u0435\u0441\u0443 \u0441\u043f\u0440\u043e\u0432\u043e\u0452\u0435\u045a\u0430 \u0425\u043e\u043b\u043e\u043a\u0430\u0443\u0441\u0442\u0430 \u0443 \u0428\u0430\u043f\u0446\u0443 \u0438 \u043e\u043a\u043e\u043b\u0438\u043d\u0438 (\u0458\u0443\u043b 1941 \u2013 \u0458\u0430\u043d\u0443\u0430\u0440 1942)\u201c, \u0421\u0440\u0431\u0438\u0458\u0430 1941. \u0433\u043e\u0434\u0438\u043d\u0435, \u0417\u0431\u043e\u0440\u043d\u0438\u043a \u0440\u0430\u0434\u043e\u0432\u0430, \u0443\u0440. \u041a\u0440\u0438\u0441\u0442\u0438\u043d\u0430 \u0408\u043e\u0440\u0433\u0438\u045b \u0421\u0442\u0435\u043f\u0430\u043d\u043e\u0432\u0438\u045b, \u041d\u0435\u043d\u0430\u0434 \u0410\u043d\u0442\u043e\u043d\u0438\u0458\u0435\u0432\u0438\u045b, 97-116. \u041a\u0440\u0430\u0433\u0443\u0458\u0435\u0432\u0430\u0446, \u0411\u0435\u043e\u0433\u0440\u0430\u0434: \u0421\u043f\u043e\u043c\u0435\u043d \u043f\u0430\u0440\u043a \u201e\u041a\u0440\u0430\u0433\u0443\u0458\u0435\u0432\u0430\u0447\u043a\u0438 \u043e\u043a\u0442\u043e\u0431\u0430\u0440\u201c, \u041c\u0443\u0437\u0435\u0458 \u0436\u0440\u0442\u0430\u0432\u0430 \u0433\u0435\u043d\u043e\u0446\u0438\u0434\u0430, 2023.<\/li>\n<\/ul>\n\n\n\n<p><a href=\"https:\/\/www.2.muzejgenocida.rs\/images\/Zbornik%20radova%20Srbija%201941..pdf\">https:\/\/www.2.muzejgenocida.rs\/images\/Zbornik%20radova%20Srbija%201941..pdf<\/a><\/p>\n\n\n\n<ul class=\"wp-block-list\">\n<li>\u041f\u0435\u0442\u0440\u043e\u0432\u0438\u045b \u0422\u043e\u0434\u043e\u0441\u0438\u0458\u0435\u0432\u0438\u045b, \u0421\u0430\u045a\u0430. \u201e\u0418\u0434\u0435\u043d\u0442\u0438\u0442\u0435\u0442 \u043e\u0442\u043f\u043e\u0440\u0430. \u0417\u0431\u0438\u0440\u043a\u0435 \u043c\u0443\u0437\u0435\u0458\u0430 \u0408\u0443\u0433\u043e\u0441\u043b\u0430\u0432\u0438\u0458\u0435 \u043a\u0430\u043e \u0438\u0437\u0432\u043e\u0440 \u0437\u0430 \u0438\u0434\u0435\u043d\u0442\u0438\u0444\u0438\u043a\u0430\u0446\u0438\u0458\u0443 \u0437\u0430\u0442\u043e\u0447\u0435\u043d\u0438\u043a\u0430 \u0438 \u0437\u0430\u0442\u043e\u0447\u0435\u043d\u0438\u0446\u0430 \u041a\u043e\u043d\u0446\u0435\u043d\u0442\u0440\u0430\u0446\u0438\u043e\u043d\u043e\u0433 \u043b\u043e\u0433\u043e\u0440\u0430 \u0411\u0430\u045a\u0438\u0446\u0430\u201c,&nbsp;<em>\u0421\u043b\u043e\u0431\u043e\u0434\u0430 \u0458\u0435 \u0437\u0430 \u043d\u0430\u0441 \u0441\u0430\u043d. \u0422\u0435\u043c\u0430\u0442\u0441\u043a\u0438 \u043a\u0430\u0442\u0430\u043b\u043e\u0433 \u043f\u0440\u0435\u0434\u043c\u0435\u0442\u0430 \u0438\u0437 \u0444\u043e\u043d\u0434\u0430 \u041c\u0443\u0437\u0435\u0458\u0430 \u0408\u0443\u0433\u043e\u0441\u043b\u0430\u0432\u0438\u0458\u0435 \u043a\u043e\u0458\u0438 \u0434\u043e\u043a\u0443\u043c\u0435\u043d\u0442\u0443\u0458\u0443 \u0436\u0438\u0432\u043e\u0442 \u0443 \u043b\u043e\u0433\u043e\u0440\u0438\u043c\u0430 \u0438 \u0440\u0435\u043f\u0440\u0435\u0441\u0438\u0432\u043d\u0435 \u043c\u0435\u0440\u0435 \u0443 \u0442\u043e\u043a\u0443 \u0414\u0440\u0443\u0433\u043e\u0433 \u0441\u0432\u0435\u0442\u0441\u043a\u043e\u0433 \u0440\u0430\u0442\u0430<\/em>, \u0443\u0440. \u0412\u0435\u0441\u0435\u043b\u0438\u043d\u043a\u0430 \u041a\u0430\u0441\u0442\u0440\u0430\u0442\u043e\u0432\u0438\u045b \u0420\u0438\u0441\u0442\u0438\u045b, \u0410\u043d\u0430 \u041f\u0430\u043d\u0438\u045b, 47-71. \u0411\u0435\u043e\u0433\u0440\u0430\u0434: \u041c\u0443\u0437\u0435\u0458 \u0408\u0443\u0433\u043e\u0441\u043b\u0430\u0432\u0438\u0458\u0435, 2022.<\/li>\n\n\n\n<li>Petrovi\u0107 Todosijevi\u0107, Sanja. \u201eSistem logora u \u0160apcu kao deo sistema logora za uni\u0161tenje pripadnika jevrejske zajednice na tlu nema\u010dke okupacione zone u Srbiji\u201c.&nbsp;<em>Zbornik radova Konferencija Jevrejski logor Zemun i Prihvatni logor Zemun pro\u0161lost-sada\u0161njost-budu\u0107nost<\/em>, Zbornik radova, ur. Nenad Fogel, 73-104. Beograd: Jevrejska op\u0161tina Zemun, 2021.<\/li>\n<\/ul>\n\n\n\n<p><a href=\"https:\/\/joz.rs\/gallery8\/Sajmiste_21\/Zbornik_WEB.pdf\">https:\/\/joz.rs\/gallery8\/Sajmiste_21\/Zbornik_WEB.pdf<\/a><\/p>\n\n\n\n<ul class=\"wp-block-list\">\n<li>Petrovi\u0107 Todosijevi\u0107, Sanja.&nbsp; \u201eThe Escape of Jewish People from the Territory of thr German Occupation Zone in Serbia, 1941-1944\u201c. The \u201cJewish Question\u201d in the Territories Occupied by Italians 1939-1943, eds. Giovanni Orsina, Andrea Ungari, 249-270. Roma: Viella, 2019.&nbsp;<\/li>\n\n\n\n<li><a>\u041f\u0435\u0442\u0440\u043e\u0432\u0438\u045b \u0422\u043e\u0434\u043e\u0441\u0438\u0458\u0435\u0432\u0438\u045b, \u0421\u0430\u045a\u0430.&nbsp;<\/a>\u201e\u0411\u0435\u043a\u0441\u0442\u0432\u0430 \u0408\u0435\u0432\u0440\u0435\u0458\u0430 \u0441\u0430 \u0442\u0435\u0440\u0438\u0442\u043e\u0440\u0438\u0458\u0435 \u043d\u0435\u043c\u0430\u0447\u043a\u0435 \u043e\u043a\u0443\u043f\u0430\u0446\u0438\u043e\u043d\u0435 \u0437\u043e\u043d\u0435 \u0443 \u0421\u0440\u0431\u0438\u0458\u0438 1941-1944\u201c.&nbsp;<em>\u0422\u043e\u043a\u043e\u0432\u0438 \u0438\u0441\u0442\u043e\u0440\u0438\u0458\u0435<\/em>&nbsp;2\/2019, 59-82.<\/li>\n<\/ul>\n\n\n\n<p><a href=\"https:\/\/tokovi.istorije.rs\/lat\/uploaded\/2%202019\/3.%20clanak%203.pdf\">https:\/\/tokovi.istorije.rs\/lat\/uploaded\/2%202019\/3.%20clanak%203.pdf<\/a><\/p>\n\n\n\n<ul class=\"wp-block-list\">\n<li>\u041f\u0435\u0442\u0440\u043e\u0432\u0438\u045b \u0422\u043e\u0434\u043e\u0441\u0438\u0458\u0435\u0432\u0438\u045b, \u0421\u0430\u045a\u0430. \u201e\u0427\u0438\u0442\u0430\u043b\u0430\u0447\u043a\u0438 \u0434\u0430\u043d\u0438 \u041a\u0430\u0440\u043b\u0430 \u041a\u0440\u0438\u0441\u0430 \u0438 \u0412\u0430\u043b\u0442\u0435\u0440\u0430 \u041a\u043b\u0430\u0458\u043d\u0430. \u0408\u0435\u0432\u0440\u0435\u0458\u0441\u043a\u0435 \u0438\u0437\u0431\u0435\u0433\u043b\u0438\u0446\u0435 \u0438\u0437 \u043a\u043b\u0430\u0434\u043e\u0432\u0441\u043a\u043e\u0433 \u0442\u0440\u0430\u043d\u0441\u043f\u043e\u0440\u0442\u0430 \u0443 \u0428\u0430\u043f\u0446\u0443 (1940-1941)\u201c.&nbsp;<em>\u0422\u0440\u0430\u0434\u0438\u0446\u0438\u0458\u0430 \u0438 \u0442\u0440\u0430\u043d\u0441\u0444\u043e\u0440\u043c\u0430\u0446\u0438\u0458\u0430. \u0422\u0440\u0430\u043d\u0441\u043d\u0430\u0446\u0438\u043e\u043d\u0430\u043b\u043d\u0430 \u0438\u0441\u043a\u0443\u0441\u0442\u0432\u0430 \u0458\u0443\u0433\u043e\u0441\u043b\u043e\u0432\u0435\u043d\u0441\u043a\u0435 \u0438\u0441\u0442\u043e\u0440\u0438\u0458\u0435<\/em>, \u0417\u0431\u043e\u0440\u043d\u0438\u043a \u0440\u0430\u0434\u043e\u0432\u0430, \u0443\u0440. \u041e\u043b\u0433\u0430 \u041c\u0430\u043d\u043e\u0458\u043b\u043e\u0432\u0438\u045b \u041f\u0438\u043d\u0442\u0430\u0440, \u0412\u0435\u0440\u0430 \u0413\u0443\u0434\u0430\u0446 \u0414\u043e\u0434\u0438\u045b, 269-298. \u0411\u0435\u043e\u0433\u0440\u0430\u0434: \u0418\u043d\u0441\u0442\u0438\u0442\u0443\u0442 \u0437\u0430 \u043d\u043e\u0432\u0438\u0458\u0443 \u0438\u0441\u0442\u043e\u0440\u0438\u0458\u0443 \u0421\u0440\u0431\u0438\u0458\u0435, 2019.<\/li>\n\n\n\n<li>Petrovi\u0107 Todosijevi\u0107, Sanja. \u201eHolocaust With(out) Bullets: The Public and Property of the Jewis People from \u0160abac and the Kladovo Transport 1941-1944\u201c. AM Journal of Art and Media Studies 13\/2017, 5-15.<\/li>\n<\/ul>\n\n\n\n<p><a href=\"https:\/\/fmkjournals.fmk.edu.rs\/index.php\/AM\/article\/view\/386\/256\">https:\/\/fmkjournals.fmk.edu.rs\/index.php\/AM\/article\/view\/386\/256<\/a><\/p>\n\n\n\n<ul class=\"wp-block-list\">\n<li>\u041f\u0435\u0442\u0440\u043e\u0432\u0438\u045b \u0422\u043e\u0434\u043e\u0441\u0438\u0458\u0435\u0432\u0438\u045b, \u0421\u0430\u045a\u0430. \u201e\u041e\u0434\u043d\u043e\u0441 \u0413\u0440\u0430\u0434\u0441\u043a\u043e\u0433 \u043f\u043e\u0433\u043b\u0430\u0432\u0430\u0440\u0441\u0442\u0432\u0430 \u0443 \u0428\u0430\u043f\u0446\u0443 \u043f\u0440\u0435\u043c\u0430 \u0438\u043c\u043e\u0432\u0438\u043d\u0438 \u0448\u0430\u0431\u0430\u0447\u043a\u0438\u0445 \u0408\u0435\u0432\u0440\u0435\u0458\u0430 \u0438 \u0408\u0435\u0432\u0440\u0435\u0458\u0430 \u0438\u0437 \u041a\u043b\u0430\u0434\u043e\u0432\u0441\u043a\u043e\u0433 \u0442\u0440\u0430\u043d\u0441\u043f\u043e\u0440\u0442\u0430 1941-1944\u201c.&nbsp;<em>\u0422\u043e\u043a\u043e\u0432\u0438 \u0438\u0441\u0442\u043e\u0440\u0438\u0458\u0435<\/em>&nbsp;2\/2017, 133-154.<\/li>\n<\/ul>\n\n\n\n<p><a href=\"https:\/\/tokovi.istorije.rs\/cir\/uploaded\/1%202012\/S_Petrovic.pdf\">https:\/\/tokovi.istorije.rs\/cir\/uploaded\/1%202012\/S_Petrovic.pdf<\/a><\/p>\n\n\n\n<ul class=\"wp-block-list\">\n<li>\u041c\u0438\u043b\u0430\u043d \u041a\u043e\u0459\u0430\u043d\u0438\u043d, \u041e\u043b\u0433\u0430 \u041c\u0430\u043d\u043e\u0458\u043b\u043e\u0432\u0438\u045b \u041f\u0438\u043d\u0442\u0430\u0440, \u0420\u0430\u0434\u043c\u0438\u043b\u0430 \u0420\u0430\u0434\u0438\u045b, \u0421\u0430\u045a\u0430 \u041f\u0435\u0442\u0440\u043e\u0432\u0438\u045b \u0422\u043e\u0434\u043e\u0441\u0438\u0458\u0435\u0432\u0438\u045b, \u0418\u0432\u0430\u043d\u043e\u0432\u0438\u045b, \u0417\u043e\u0440\u0438\u0446\u0430.&nbsp;<em>\u041f\u043e\u0441\u043b\u0435\u0434\u045a\u0435 \u043e\u0434\u0440\u0435\u0434\u0438\u0448\u0442\u0435 \u0410\u0443\u0448\u0432\u0438\u0446<\/em>&nbsp;(\u043a\u0430\u0442\u0430\u043b\u043e\u0433 \u0438\u0437\u043b\u043e\u0436\u0431\u0435). \u0411\u0435\u043e\u0433\u0440\u0430\u0434: \u0418\u0441\u0442\u043e\u0440\u0438\u0458\u0441\u043a\u0438 \u043c\u0443\u0437\u0435\u0458 \u0421\u0440\u0431\u0438\u0458\u0435, 2015.<\/li>\n<\/ul>\n","protected":false},"excerpt":{"rendered":"<p>Dr. sc. Sanja Petrovi\u0107 Todosijevi\u0107 vodi nas kroz faze i dinamiku provo\u0111enja Holokausta na podru\u010dju Srbije pod njema\u010dkom okupacijom. Predavanje se fokusira na \u017eivot \u017didova, logore poput Sajmi\u0161ta, propagandu i [&hellip;]<\/p>\n","protected":false},"author":1,"featured_media":7694,"comment_status":"closed","ping_status":"closed","sticky":false,"template":"","format":"standard","meta":{"_EventAllDay":false,"_EventTimezone":"","_EventStartDate":"","_EventEndDate":"","_EventStartDateUTC":"","_EventEndDateUTC":"","_EventShowMap":false,"_EventShowMapLink":false,"_EventURL":"","_EventCost":"","_EventCostDescription":"","_EventCurrencySymbol":"","_EventCurrencyCode":"","_EventCurrencyPosition":"","_EventDateTimeSeparator":"","_EventTimeRangeSeparator":"","_EventOrganizerID":[],"_EventVenueID":[],"_OrganizerEmail":"","_OrganizerPhone":"","_OrganizerWebsite":"","_VenueAddress":"","_VenueCity":"","_VenueCountry":"","_VenueProvince":"","_VenueState":"","_VenueZip":"","_VenuePhone":"","_VenueURL":"","_VenueStateProvince":"","_VenueLat":"","_VenueLng":"","_VenueShowMap":false,"_VenueShowMapLink":false,"footnotes":"","jetpack_publicize_message":"","jetpack_publicize_feature_enabled":true,"jetpack_social_post_already_shared":true,"jetpack_social_options":{"image_generator_settings":{"template":"highway","default_image_id":0,"font":"","enabled":false},"version":2}},"categories":[2],"tags":[147,86,800,394],"class_list":["post-7690","post","type-post","status-publish","format-standard","has-post-thumbnail","hentry","category-vijesti-edu","tag-drugi-svjetski-rat","tag-holokaust","tag-sanja-petrovic-todosijevic","tag-srbija"],"jetpack_publicize_connections":[],"_links":{"self":[{"href":"https:\/\/povijest.net\/ca\/wp-json\/wp\/v2\/posts\/7690","targetHints":{"allow":["GET"]}}],"collection":[{"href":"https:\/\/povijest.net\/ca\/wp-json\/wp\/v2\/posts"}],"about":[{"href":"https:\/\/povijest.net\/ca\/wp-json\/wp\/v2\/types\/post"}],"author":[{"embeddable":true,"href":"https:\/\/povijest.net\/ca\/wp-json\/wp\/v2\/users\/1"}],"replies":[{"embeddable":true,"href":"https:\/\/povijest.net\/ca\/wp-json\/wp\/v2\/comments?post=7690"}],"version-history":[{"count":6,"href":"https:\/\/povijest.net\/ca\/wp-json\/wp\/v2\/posts\/7690\/revisions"}],"predecessor-version":[{"id":7703,"href":"https:\/\/povijest.net\/ca\/wp-json\/wp\/v2\/posts\/7690\/revisions\/7703"}],"wp:featuredmedia":[{"embeddable":true,"href":"https:\/\/povijest.net\/ca\/wp-json\/wp\/v2\/media\/7694"}],"wp:attachment":[{"href":"https:\/\/povijest.net\/ca\/wp-json\/wp\/v2\/media?parent=7690"}],"wp:term":[{"taxonomy":"category","embeddable":true,"href":"https:\/\/povijest.net\/ca\/wp-json\/wp\/v2\/categories?post=7690"},{"taxonomy":"post_tag","embeddable":true,"href":"https:\/\/povijest.net\/ca\/wp-json\/wp\/v2\/tags?post=7690"}],"curies":[{"name":"wp","href":"https:\/\/api.w.org\/{rel}","templated":true}]}}