{"id":5307,"date":"2024-09-15T15:54:27","date_gmt":"2024-09-15T13:54:27","guid":{"rendered":"https:\/\/www.povijest.net\/?p=5307"},"modified":"2024-09-15T15:54:27","modified_gmt":"2024-09-15T13:54:27","slug":"srednjovjekovni-izgovori-zasto-nemam-domacu-zadacu","status":"publish","type":"post","link":"https:\/\/povijest.net\/ca\/2024\/srednjovjekovni-izgovori-zasto-nemam-domacu-zadacu\/","title":{"rendered":"Srednjovjekovni izgovori za\u0161to nemam doma\u0107u zada\u0107u"},"content":{"rendered":"\n<p>Evo nekoliko zabavnih izgovora koje bi djeca u srednjem vijeku (8.-12. st.) mogla smisliti za\u0161to nisu napravila doma\u0107u zada\u0107u.<\/p>\n\n\n\n<!--more-->\n\n\n\n<ol class=\"wp-block-list\">\n<li>Moj pergament je uni\u0161ten kad su ga redovnici koristili za prepisivanje svetih spisa.<\/li>\n\n\n\n<li>Morao sam pomo\u0107i ocu da oja\u010da obranu na\u0161eg dvorca \u2013 nikad ne zna\u0161 kad \u0107e do\u0107i napad Vikinga.<\/li>\n\n\n\n<li>Moj pero je polomljeno, a guske jo\u0161 nisu stigle iz polja.<\/li>\n\n\n\n<li>Trgovac na putu je bio napadnut, pa mi nije stigao dostaviti tintu.<\/li>\n\n\n\n<li>Morao sam \u010ditav dan brusiti ma\u010d za na\u0161eg viteza \u2013 nisam imao vremena za pisanje.<\/li>\n\n\n\n<li>Bilo je pomra\u010denje Sunca, a moji roditelji su rekli da je to lo\u0161 znak za pisanje doma\u0107e zada\u0107e.<\/li>\n\n\n\n<li>Pokupio sam kugu.<\/li>\n\n\n\n<li>Redovnici u skriptoriju su radili \u010ditav dan, nije bilo mjesta za mene da napi\u0161em zada\u0107u.<\/li>\n\n\n\n<li>Morao sam nositi vodu iz bunara cijeli dan, pa nisam stigao ni\u0161ta napraviti.<\/li>\n\n\n\n<li>Pastirica gusaka mi je rekla da \u0107e mi napraviti novo pero, ali je zaglavila u drugom selu zbog jake ki\u0161e.<\/li>\n\n\n\n<li>Moj pergament je bio pokva\u0161en kad je oluja pogodila na\u0161u kulu \u2013 sve je uni\u0161teno.<\/li>\n\n\n\n<li>Morao sam i\u0107i na misu i moliti za du\u0161u na\u0161eg gospodara, nije bilo vremena za zada\u0107u.<\/li>\n\n\n\n<li>Bio sam na tr\u017enici kad su do\u0161li trubaduri, morao sam slu\u0161ati njihove pjesme umjesto da pi\u0161em zada\u0107u.<\/li>\n\n\n\n<li>Vitez koji je \u010duvao na\u0161e selo organizirao je turnir, nisam mogao propustiti!<\/li>\n\n\n\n<li>Moje tinte ponestalo kad sam poku\u0161ao ispisati duga\u010dko rodoslovlje na\u0161e obitelji.<\/li>\n<\/ol>\n\n\n\n<p>Kad si dijete u srednjem vijeku, vite\u0161ki dueli, redovni\u010dke du\u017enosti i obrana od Vikinga uvijek su va\u017eniji od zada\u0107e!<\/p>\n\n\n\n<div style=\"height:100px\" aria-hidden=\"true\" class=\"wp-block-spacer\"><\/div>\n\n\n\n<div class=\"wp-block-media-text is-stacked-on-mobile\"><figure class=\"wp-block-media-text__media\"><img loading=\"lazy\" decoding=\"async\" width=\"940\" height=\"500\" src=\"https:\/\/povijest.net\/ca\/wp-content\/uploads\/2024\/09\/sale.jpg\" alt=\"\" class=\"wp-image-5260 size-full\" srcset=\"https:\/\/povijest.net\/ca\/wp-content\/uploads\/2024\/09\/sale.jpg 940w, https:\/\/povijest.net\/ca\/wp-content\/uploads\/2024\/09\/sale-300x160.jpg 300w, https:\/\/povijest.net\/ca\/wp-content\/uploads\/2024\/09\/sale-768x409.jpg 768w\" sizes=\"auto, (max-width: 940px) 100vw, 940px\" \/><\/figure><div class=\"wp-block-media-text__content\">\n<p>Za u\u010ditelje i nastavnike Povijesti: <a href=\"https:\/\/www.povijest.net\/2024\/sale-s-povijesnom-pozadinom-kao-alat-u-nastavi-povijesti\/\">\u0160ale s povijesnom pozadinom kao alat u nastavi Povijesti<\/a><\/p>\n<\/div><\/div>\n","protected":false},"excerpt":{"rendered":"<p>Evo nekoliko zabavnih izgovora koje bi djeca u srednjem vijeku (8.-12. st.) mogla smisliti za\u0161to nisu napravila doma\u0107u zada\u0107u.<\/p>\n","protected":false},"author":1,"featured_media":5310,"comment_status":"closed","ping_status":"closed","sticky":false,"template":"","format":"standard","meta":{"_EventAllDay":false,"_EventTimezone":"","_EventStartDate":"","_EventEndDate":"","_EventStartDateUTC":"","_EventEndDateUTC":"","_EventShowMap":false,"_EventShowMapLink":false,"_EventURL":"","_EventCost":"","_EventCostDescription":"","_EventCurrencySymbol":"","_EventCurrencyCode":"","_EventCurrencyPosition":"","_EventDateTimeSeparator":"","_EventTimeRangeSeparator":"","_EventOrganizerID":[],"_EventVenueID":[],"_OrganizerEmail":"","_OrganizerPhone":"","_OrganizerWebsite":"","_VenueAddress":"","_VenueCity":"","_VenueCountry":"","_VenueProvince":"","_VenueState":"","_VenueZip":"","_VenuePhone":"","_VenueURL":"","_VenueStateProvince":"","_VenueLat":"","_VenueLng":"","_VenueShowMap":false,"_VenueShowMapLink":false,"footnotes":"","jetpack_publicize_message":"","jetpack_publicize_feature_enabled":false,"jetpack_social_post_already_shared":false,"jetpack_social_options":{"image_generator_settings":{"template":"highway","enabled":false},"version":2}},"categories":[171],"tags":[178,165,173],"class_list":["post-5307","post","type-post","status-publish","format-standard","has-post-thumbnail","hentry","category-povijesni-humor","tag-6-razred","tag-humor","tag-srednji-vijek"],"jetpack_publicize_connections":[],"_links":{"self":[{"href":"https:\/\/povijest.net\/ca\/wp-json\/wp\/v2\/posts\/5307","targetHints":{"allow":["GET"]}}],"collection":[{"href":"https:\/\/povijest.net\/ca\/wp-json\/wp\/v2\/posts"}],"about":[{"href":"https:\/\/povijest.net\/ca\/wp-json\/wp\/v2\/types\/post"}],"author":[{"embeddable":true,"href":"https:\/\/povijest.net\/ca\/wp-json\/wp\/v2\/users\/1"}],"replies":[{"embeddable":true,"href":"https:\/\/povijest.net\/ca\/wp-json\/wp\/v2\/comments?post=5307"}],"version-history":[{"count":0,"href":"https:\/\/povijest.net\/ca\/wp-json\/wp\/v2\/posts\/5307\/revisions"}],"wp:featuredmedia":[{"embeddable":true,"href":"https:\/\/povijest.net\/ca\/wp-json\/wp\/v2\/media\/5310"}],"wp:attachment":[{"href":"https:\/\/povijest.net\/ca\/wp-json\/wp\/v2\/media?parent=5307"}],"wp:term":[{"taxonomy":"category","embeddable":true,"href":"https:\/\/povijest.net\/ca\/wp-json\/wp\/v2\/categories?post=5307"},{"taxonomy":"post_tag","embeddable":true,"href":"https:\/\/povijest.net\/ca\/wp-json\/wp\/v2\/tags?post=5307"}],"curies":[{"name":"wp","href":"https:\/\/api.w.org\/{rel}","templated":true}]}}