{"id":228,"date":"2022-04-09T12:34:15","date_gmt":"2022-04-09T10:34:15","guid":{"rendered":"https:\/\/platforma-klio.com\/?p=191"},"modified":"2024-12-17T11:43:59","modified_gmt":"2024-12-17T10:43:59","slug":"odrzano-predavanje-svila-zmajevi-i-papir","status":"publish","type":"post","link":"https:\/\/povijest.net\/ca\/2022\/odrzano-predavanje-svila-zmajevi-i-papir\/","title":{"rendered":"Odr\u017eano predavanje Svila, zmajevi i papir"},"content":{"rendered":"\n<p>Goran \u0110ur\u0111evi\u0107, docent na Pekin\u0161kom sveu\u010dili\u0161tu za strane studije, odr\u017eao je za Platformu Klio predavanje pod naslovom Svila, zmajevi i papir. Ne\u0161to vi\u0161e od sat vremena dr. sc. \u0110ur\u0111evi\u0107 govorio je pro\u0161losti i sada\u0161njosti Kine, poveznicama s Hrvatskom i ostatkom svijeta. Posebno je naglasio tri slu\u010daja pogodna za nastavu povijesti uz navo\u0111enje primjera kako ih iskoristiti u osnovnoj i\/ili srednjoj \u0161koli. <\/p>\n\n\n\n<!--more-->\n\n\n\n<p>Snimku predavanja mo\u017eete pogledati:<\/p>\n\n\n\n<figure class=\"wp-block-embed is-type-video is-provider-youtube wp-block-embed-youtube wp-embed-aspect-16-9 wp-has-aspect-ratio\"><div class=\"wp-block-embed__wrapper\">\n<iframe loading=\"lazy\" title=\"Svila, zmajevi i papir - predavanje Gorana \u0110ur\u0111evi\u0107a\" width=\"980\" height=\"551\" src=\"https:\/\/www.youtube.com\/embed\/G9Y45SYmOG0?feature=oembed\" frameborder=\"0\" allow=\"accelerometer; autoplay; clipboard-write; encrypted-media; gyroscope; picture-in-picture; web-share\" referrerpolicy=\"strict-origin-when-cross-origin\" allowfullscreen><\/iframe>\n<\/div><\/figure>\n","protected":false},"excerpt":{"rendered":"<p>Goran \u0110ur\u0111evi\u0107, docent na Pekin\u0161kom sveu\u010dili\u0161tu za strane studije, odr\u017eao je za Platformu Klio predavanje pod naslovom Svila, zmajevi i papir. Ne\u0161to vi\u0161e od sat vremena dr. sc. \u0110ur\u0111evi\u0107 govorio [&hellip;]<\/p>\n","protected":false},"author":1,"featured_media":7787,"comment_status":"closed","ping_status":"closed","sticky":false,"template":"","format":"standard","meta":{"_EventAllDay":false,"_EventTimezone":"","_EventStartDate":"","_EventEndDate":"","_EventStartDateUTC":"","_EventEndDateUTC":"","_EventShowMap":false,"_EventShowMapLink":false,"_EventURL":"","_EventCost":"","_EventCostDescription":"","_EventCurrencySymbol":"","_EventCurrencyCode":"","_EventCurrencyPosition":"","_EventDateTimeSeparator":"","_EventTimeRangeSeparator":"","_EventOrganizerID":[],"_EventVenueID":[],"_OrganizerEmail":"","_OrganizerPhone":"","_OrganizerWebsite":"","_VenueAddress":"","_VenueCity":"","_VenueCountry":"","_VenueProvince":"","_VenueState":"","_VenueZip":"","_VenuePhone":"","_VenueURL":"","_VenueStateProvince":"","_VenueLat":"","_VenueLng":"","_VenueShowMap":false,"_VenueShowMapLink":false,"footnotes":"","jetpack_publicize_message":"","jetpack_publicize_feature_enabled":true,"jetpack_social_post_already_shared":false,"jetpack_social_options":{"image_generator_settings":{"template":"highway","default_image_id":0,"font":"","enabled":false},"version":2}},"categories":[22],"tags":[38,37,39,40,35],"class_list":["post-228","post","type-post","status-publish","format-standard","has-post-thumbnail","hentry","category-vijesti-platforme-klio","tag-arheologija","tag-goran-durdevic","tag-kina","tag-povijest","tag-predavanja"],"jetpack_publicize_connections":[],"_links":{"self":[{"href":"https:\/\/povijest.net\/ca\/wp-json\/wp\/v2\/posts\/228","targetHints":{"allow":["GET"]}}],"collection":[{"href":"https:\/\/povijest.net\/ca\/wp-json\/wp\/v2\/posts"}],"about":[{"href":"https:\/\/povijest.net\/ca\/wp-json\/wp\/v2\/types\/post"}],"author":[{"embeddable":true,"href":"https:\/\/povijest.net\/ca\/wp-json\/wp\/v2\/users\/1"}],"replies":[{"embeddable":true,"href":"https:\/\/povijest.net\/ca\/wp-json\/wp\/v2\/comments?post=228"}],"version-history":[{"count":2,"href":"https:\/\/povijest.net\/ca\/wp-json\/wp\/v2\/posts\/228\/revisions"}],"predecessor-version":[{"id":7788,"href":"https:\/\/povijest.net\/ca\/wp-json\/wp\/v2\/posts\/228\/revisions\/7788"}],"wp:featuredmedia":[{"embeddable":true,"href":"https:\/\/povijest.net\/ca\/wp-json\/wp\/v2\/media\/7787"}],"wp:attachment":[{"href":"https:\/\/povijest.net\/ca\/wp-json\/wp\/v2\/media?parent=228"}],"wp:term":[{"taxonomy":"category","embeddable":true,"href":"https:\/\/povijest.net\/ca\/wp-json\/wp\/v2\/categories?post=228"},{"taxonomy":"post_tag","embeddable":true,"href":"https:\/\/povijest.net\/ca\/wp-json\/wp\/v2\/tags?post=228"}],"curies":[{"name":"wp","href":"https:\/\/api.w.org\/{rel}","templated":true}]}}