{"id":1237,"date":"2024-01-15T21:23:30","date_gmt":"2024-01-15T20:23:30","guid":{"rendered":"https:\/\/platforma-klio.com\/?p=1237"},"modified":"2025-02-04T16:18:58","modified_gmt":"2025-02-04T15:18:58","slug":"tjedan-edukacije-o-holokaustu","status":"publish","type":"post","link":"https:\/\/povijest.net\/ca\/2024\/tjedan-edukacije-o-holokaustu\/","title":{"rendered":"Tjedan edukacije o Holokaustu 2024"},"content":{"rendered":"\n<p>Platforma Klio \u0107e povodom <strong>Me\u0111unarodnog dana sje\u0107anja na \u017ertve holokausta<\/strong> organizirati niz edukativnih aktivnosti. Na dan sje\u0107anja prisje\u0107amo se 27. sije\u010dnja 1945. kada su vojnici Crvene armije oslobodili logor Auschwitz. <\/p>\n\n\n\n<!--more-->\n\n\n\n<div class=\"wp-block-pmpro-membership\">\n<div class=\"wp-block-columns has-border-color is-layout-flex wp-container-core-columns-is-layout-28f84493 wp-block-columns-is-layout-flex\" style=\"border-color:#cf2e2e;border-style:dashed;border-width:1px;border-radius:10px\">\n<div class=\"wp-block-column is-layout-flow wp-block-column-is-layout-flow\">\n<p class=\"has-text-align-center has-cyan-bluish-gray-color has-text-color has-link-color has-small-font-size wp-elements-948331d77a7dcf4e9518fc66f3402adb\">Reklame se ne prikazuju \u010dlanovima Clionaut Akademije:<\/p>\n\n\n\n<\/div>\n<\/div>\n\n\n\n<div style=\"height:20px\" aria-hidden=\"true\" class=\"wp-block-spacer\"><\/div>\n<\/div>\n\n\n\n<p>Platforma Klio \u0107e u Tjednu edukacije o holokaustu organizirati sljede\u0107e aktivnosti:<\/p>\n\n\n\n<div class=\"wp-block-columns is-layout-flex wp-container-core-columns-is-layout-28f84493 wp-block-columns-is-layout-flex\">\n<div class=\"wp-block-column is-layout-flow wp-block-column-is-layout-flow\">\n<figure class=\"wp-block-embed is-type-video is-provider-youtube wp-block-embed-youtube wp-embed-aspect-16-9 wp-has-aspect-ratio\"><div class=\"wp-block-embed__wrapper\">\n<iframe loading=\"lazy\" title=\"Kori\u0161tenje knji\u017eevnih djela za pou\u010davanje o holokaustu\" width=\"980\" height=\"551\" src=\"https:\/\/www.youtube.com\/embed\/XVNF-Ye0_Hs?feature=oembed\" frameborder=\"0\" allow=\"accelerometer; autoplay; clipboard-write; encrypted-media; gyroscope; picture-in-picture; web-share\" referrerpolicy=\"strict-origin-when-cross-origin\" allowfullscreen><\/iframe>\n<\/div><\/figure>\n<\/div>\n\n\n\n<div class=\"wp-block-column is-layout-flow wp-block-column-is-layout-flow\">\n<p><strong>22. sije\u010dnja 2024. u 19.00 sati<\/strong><\/p>\n\n\n\n<p>&#8220;Kori\u0161tenje knji\u017eevnih djela za pou\u010davanje o holokaustu&#8221;, Kristina Dilica, prof.<\/p>\n\n\n\n<p>Prezentacija: <\/p>\n\n\n<p>[download id=&#8221;7981&#8243;]<\/p>\n<\/div>\n<\/div>\n\n\n\n<hr class=\"wp-block-separator has-alpha-channel-opacity\"\/>\n\n\n\n<div class=\"wp-block-columns is-layout-flex wp-container-core-columns-is-layout-28f84493 wp-block-columns-is-layout-flex\">\n<div class=\"wp-block-column is-layout-flow wp-block-column-is-layout-flow\">\n<figure class=\"wp-block-embed is-type-video is-provider-youtube wp-block-embed-youtube wp-embed-aspect-16-9 wp-has-aspect-ratio\"><div class=\"wp-block-embed__wrapper\">\n<iframe loading=\"lazy\" title=\"Moj dida - posljednji nacisti\u010dki logora\u0161\" width=\"980\" height=\"551\" src=\"https:\/\/www.youtube.com\/embed\/dA6648N5YKE?feature=oembed\" frameborder=\"0\" allow=\"accelerometer; autoplay; clipboard-write; encrypted-media; gyroscope; picture-in-picture; web-share\" referrerpolicy=\"strict-origin-when-cross-origin\" allowfullscreen><\/iframe>\n<\/div><\/figure>\n<\/div>\n\n\n\n<div class=\"wp-block-column is-layout-flow wp-block-column-is-layout-flow\">\n<p><strong>23. sije\u010dnja 2024. u 19.00 sati<\/strong><\/p>\n\n\n\n<p>&#8220;Moj dida &#8211; posljednji nacisti\u010dki logora\u0161&#8221;, Nikola Aleksi\u0107<\/p>\n<\/div>\n<\/div>\n\n\n\n<hr class=\"wp-block-separator has-alpha-channel-opacity\"\/>\n\n\n\n<div class=\"wp-block-columns is-layout-flex wp-container-core-columns-is-layout-28f84493 wp-block-columns-is-layout-flex\">\n<div class=\"wp-block-column is-layout-flow wp-block-column-is-layout-flow\"><\/div>\n\n\n\n<div class=\"wp-block-column is-layout-flow wp-block-column-is-layout-flow\">\n<p><strong>24. sije\u010dnja 2024. u 19.00 sati<\/strong><\/p>\n\n\n\n<p>&#8220;\u0160to je holokaust&#8221;, Miljenko Hajdarovi\u0107, prof.<\/p>\n\n\n\n<p>Predavanje za &#8220;nepovjesni\u010dare&#8221; odnosno za u\u010ditelje i u\u010diteljice koji nisu upoznati s temom i imaju brojna pitanja. Ovaj termin je ve\u0107 popunjen, ali <a href=\"https:\/\/forms.gle\/8Y1Dko7B4PPpo2hX6\">ovdje <\/a>mo\u017eete ostaviti svoje podatke za novi termin predavanja.<\/p>\n\n\n\n<p style=\"font-size:9px\">*Ovo predavanje se ne snima.<\/p>\n<\/div>\n<\/div>\n\n\n\n<hr class=\"wp-block-separator has-alpha-channel-opacity\"\/>\n\n\n\n<div class=\"wp-block-columns is-layout-flex wp-container-core-columns-is-layout-28f84493 wp-block-columns-is-layout-flex\">\n<div class=\"wp-block-column is-layout-flow wp-block-column-is-layout-flow\"><\/div>\n\n\n\n<div class=\"wp-block-column is-layout-flow wp-block-column-is-layout-flow\">\n<p><strong>25. sije\u010dnja 2024. u 19.00 sati<\/strong><\/p>\n\n\n\n<p>&#8220;Primjeri pou\u010davanja holokausta u nastavi Povijesti&#8221;, vi\u0161e predava\u010da<\/p>\n\n\n\n<p>Primjeri pou\u010davanja za u\u010ditelje i nastavnike Povijesti. Svoje iskustvo i vje\u0161tine dijele Maja Luki\u0107 Pu\u0161kari\u0107, Marija Krstini\u0107, Jelena \u010cervenjak Kmoni\u010dek, Anita \u010corak i Maja \u0160imi\u0107.<\/p>\n\n\n\n<p>Snimka<\/p>\n<\/div>\n<\/div>\n\n\n\n<hr class=\"wp-block-separator has-alpha-channel-opacity\"\/>\n\n\n\n<div class=\"wp-block-columns is-layout-flex wp-container-core-columns-is-layout-28f84493 wp-block-columns-is-layout-flex\">\n<div class=\"wp-block-column is-layout-flow wp-block-column-is-layout-flow\"><\/div>\n\n\n\n<div class=\"wp-block-column is-layout-flow wp-block-column-is-layout-flow\">\n<p><strong>29. sije\u010dnja 2024. u 19.00 sati<\/strong><\/p>\n\n\n\n<p>&#8220;Digitalni izvori za pou\u010davanje o holokaustu&#8221;, Miljenko Hajdarovi\u0107, prof.<\/p>\n\n\n\n<p>Vi\u0161e multimedijskih primjera izvora materijala za u\u010ditelje i nastavnike.<\/p>\n\n\n\n<p style=\"font-size:9px\">*Ovo predavanje se ne snima.<\/p>\n<\/div>\n<\/div>\n\n\n\n<hr class=\"wp-block-separator has-alpha-channel-opacity\"\/>\n\n\n\n<p><strong>\u010clanovi <\/strong>Platforme Klio <strong>mogu dobiti potvrde<\/strong> o usavr\u0161avanju. <\/p>\n\n\n\n<p>Za svaki od navedenih doga\u0111aja potrebna je zasebna registracija.<\/p>\n\n\n\n<div class=\"wp-block-media-text is-stacked-on-mobile is-image-fill-element\"><figure class=\"wp-block-media-text__media\"><img loading=\"lazy\" decoding=\"async\" width=\"500\" height=\"710\" src=\"https:\/\/povijest.net\/ca\/wp-content\/uploads\/2025\/01\/holokaust-naslovnica-1.jpg\" alt=\"\" class=\"wp-image-11208 size-full\" style=\"object-position:54% 57%\" srcset=\"https:\/\/povijest.net\/ca\/wp-content\/uploads\/2025\/01\/holokaust-naslovnica-1.jpg 500w, https:\/\/povijest.net\/ca\/wp-content\/uploads\/2025\/01\/holokaust-naslovnica-1-211x300.jpg 211w\" sizes=\"auto, (max-width: 500px) 100vw, 500px\" \/><\/figure><div class=\"wp-block-media-text__content\">\n<p>Vi\u0161e o mitovima i zabludama poveznima uz Holokaust mo\u017eete istra\u017eiti u knjizi &#8220;<a href=\"https:\/\/povijest.net\/ca\/downloads\/knjiga-holokaust-mitovi-zablude-i-poricanje\/\">Holokaust \u2013 mitovi, zablude i poricanje<\/a>&#8220;.<\/p>\n<\/div><\/div>\n","protected":false},"excerpt":{"rendered":"<p>Platforma Klio \u0107e povodom Me\u0111unarodnog dana sje\u0107anja na \u017ertve holokausta organizirati niz edukativnih aktivnosti. Na dan sje\u0107anja prisje\u0107amo se 27. sije\u010dnja 1945. kada su vojnici Crvene armije oslobodili logor Auschwitz.<\/p>\n","protected":false},"author":1,"featured_media":1394,"comment_status":"closed","ping_status":"open","sticky":false,"template":"","format":"standard","meta":{"_EventAllDay":false,"_EventTimezone":"","_EventStartDate":"","_EventEndDate":"","_EventStartDateUTC":"","_EventEndDateUTC":"","_EventShowMap":false,"_EventShowMapLink":false,"_EventURL":"","_EventCost":"","_EventCostDescription":"","_EventCurrencySymbol":"","_EventCurrencyCode":"","_EventCurrencyPosition":"","_EventDateTimeSeparator":"","_EventTimeRangeSeparator":"","_EventOrganizerID":[],"_EventVenueID":[],"_OrganizerEmail":"","_OrganizerPhone":"","_OrganizerWebsite":"","_VenueAddress":"","_VenueCity":"","_VenueCountry":"","_VenueProvince":"","_VenueState":"","_VenueZip":"","_VenuePhone":"","_VenueURL":"","_VenueStateProvince":"","_VenueLat":"","_VenueLng":"","_VenueShowMap":false,"_VenueShowMapLink":false,"footnotes":"","jetpack_publicize_message":"","jetpack_publicize_feature_enabled":true,"jetpack_social_post_already_shared":false,"jetpack_social_options":{"image_generator_settings":{"template":"highway","default_image_id":0,"font":"","enabled":false},"version":2}},"categories":[22],"tags":[86,825,35,734],"class_list":["post-1237","post","type-post","status-publish","format-standard","has-post-thumbnail","hentry","category-vijesti-platforme-klio","tag-holokaust","tag-kristina-dilica","tag-predavanja","tag-tjedan-edukacije-o-holokaustu"],"jetpack_publicize_connections":[],"_links":{"self":[{"href":"https:\/\/povijest.net\/ca\/wp-json\/wp\/v2\/posts\/1237","targetHints":{"allow":["GET"]}}],"collection":[{"href":"https:\/\/povijest.net\/ca\/wp-json\/wp\/v2\/posts"}],"about":[{"href":"https:\/\/povijest.net\/ca\/wp-json\/wp\/v2\/types\/post"}],"author":[{"embeddable":true,"href":"https:\/\/povijest.net\/ca\/wp-json\/wp\/v2\/users\/1"}],"replies":[{"embeddable":true,"href":"https:\/\/povijest.net\/ca\/wp-json\/wp\/v2\/comments?post=1237"}],"version-history":[{"count":7,"href":"https:\/\/povijest.net\/ca\/wp-json\/wp\/v2\/posts\/1237\/revisions"}],"predecessor-version":[{"id":11379,"href":"https:\/\/povijest.net\/ca\/wp-json\/wp\/v2\/posts\/1237\/revisions\/11379"}],"wp:featuredmedia":[{"embeddable":true,"href":"https:\/\/povijest.net\/ca\/wp-json\/wp\/v2\/media\/1394"}],"wp:attachment":[{"href":"https:\/\/povijest.net\/ca\/wp-json\/wp\/v2\/media?parent=1237"}],"wp:term":[{"taxonomy":"category","embeddable":true,"href":"https:\/\/povijest.net\/ca\/wp-json\/wp\/v2\/categories?post=1237"},{"taxonomy":"post_tag","embeddable":true,"href":"https:\/\/povijest.net\/ca\/wp-json\/wp\/v2\/tags?post=1237"}],"curies":[{"name":"wp","href":"https:\/\/api.w.org\/{rel}","templated":true}]}}