{"id":11805,"date":"2025-07-06T07:59:54","date_gmt":"2025-07-06T05:59:54","guid":{"rendered":"https:\/\/povijest.net\/ca\/?p=11805"},"modified":"2025-07-07T09:17:34","modified_gmt":"2025-07-07T07:17:34","slug":"sto-ako-vasi-ucenici-ne-vide-problem-banalnost-zla-u-hrvatskom-drustvu","status":"publish","type":"post","link":"https:\/\/povijest.net\/ca\/2025\/sto-ako-vasi-ucenici-ne-vide-problem-banalnost-zla-u-hrvatskom-drustvu\/","title":{"rendered":"\u0160to ako va\u0161i u\u010denici ne vide problem? Banalnost zla u hrvatskom dru\u0161tvu"},"content":{"rendered":"\n<p>Koncert Marka Perkovi\u0107a Thompsona u Zagrebu 5. srpnja 2025. izazvao je javne rasprave, ne samo zbog glazbenog repertoara nego i zbog poslanih poruka. Istaknimo samo jednu \u2013 pjeva\u010d je nosio majicu s otisnutim zatvoreni\u010dkim brojem Zvonka Bu\u0161i\u0107a (03941158), hrvatskog emigranta koji je izveo <a href=\"https:\/\/povijest.net\/ca\/2025\/otmica-twa-355-i-sudenje-zvonku-busicu\/\">teroristi\u010dki \u010din otmice zrakoplova TWA Flight 355<\/a> (1976. godine), pri \u010demu je poginuo ameri\u010dki policajac. Ta poruka nije bila slu\u010dajna, nego predstavlja svjesno pozivanje na odre\u0111eni oblik herojskog mita o \u201eborcima za hrvatsku stvar\u201c. U hrvatskom dru\u0161tvu ovakvi simboli \u010desto nisu predmet dubinske javne rasprave, a upravo takva normalizacija problemati\u010dnih narativa upu\u0107uje na klju\u010dni izazov u obrazovanju \u2013 potrebu za razvojem kriti\u010dkog mi\u0161ljenja o povijesti.<\/p>\n\n\n\n<!--more-->\n\n\n<div class=\"wp-block-image\">\n<figure class=\"aligncenter size-large\"><img loading=\"lazy\" decoding=\"async\" width=\"1024\" height=\"130\" src=\"https:\/\/povijest.net\/ca\/wp-content\/uploads\/2024\/12\/clionaut_preporuke-za-edukatore-1024x130.jpg\" alt=\"Clionaut preporuka: za edukatore\" class=\"wp-image-7254\" srcset=\"https:\/\/povijest.net\/ca\/wp-content\/uploads\/2024\/12\/clionaut_preporuke-za-edukatore-1024x130.jpg 1024w, https:\/\/povijest.net\/ca\/wp-content\/uploads\/2024\/12\/clionaut_preporuke-za-edukatore-300x38.jpg 300w, https:\/\/povijest.net\/ca\/wp-content\/uploads\/2024\/12\/clionaut_preporuke-za-edukatore-768x98.jpg 768w, https:\/\/povijest.net\/ca\/wp-content\/uploads\/2024\/12\/clionaut_preporuke-za-edukatore.jpg 1180w\" sizes=\"auto, (max-width: 1024px) 100vw, 1024px\" \/><\/figure>\n<\/div>\n\n\n<h2 class=\"wp-block-heading\">Banalnost zla i svakodnevica povijesnih revizija<\/h2>\n\n\n\n<p>Hannah Arendt, filozofkinja i politi\u010dka teoreti\u010darka, u knjizi <em>Eichmann u Jeruzalemu: izvje\u0161\u0107e o banalnosti zla<\/em> (1963) opisala je kako zlo ne mora uvijek imati lice sadisti\u010dkog monstruma. Zlo se \u010desto pojavljuje u obliku poslu\u0161nosti, birokratske rutine i nedostatka promi\u0161ljanja o posljedicama vlastitih postupaka. Adolf Eichmann, kojeg Arendt analizira, bio je \u010dovjek koji \u201esamo izvr\u0161ava naredbe\u201c, bez dublje svijesti o moralnim implikacijama svojih djela.<\/p>\n\n\n\n<p>Premda kontekst hrvatskog dru\u0161tva i slu\u010daj Thompsonova koncerta nije usporediv s Eichmannom u smislu razmjera zlo\u010dina, Arendtina teza o \u201e<a href=\"https:\/\/povijest.net\/ca\/2025\/banalnost-zla\/\">banalnosti zla<\/a>\u201c nudi korisnu optiku za razumijevanje dana\u0161njih obrazovnih izazova. Pitanje je postajemo li i sami nesvjesni sudionici normalizacije nasilnih i ekstremisti\u010dkih ideologija kada ih ne preispitujemo?<\/p>\n\n\n\n<div class=\"wp-block-columns has-border-color is-layout-flex wp-container-core-columns-is-layout-28f84493 wp-block-columns-is-layout-flex\" style=\"border-color:#cf2e2e;border-style:dashed;border-width:1px;border-radius:10px\">\n<div class=\"wp-block-column is-layout-flow wp-block-column-is-layout-flow\">\n<p class=\"has-text-align-center has-cyan-bluish-gray-color has-text-color has-link-color has-small-font-size wp-elements-948331d77a7dcf4e9518fc66f3402adb\">Reklame se ne prikazuju \u010dlanovima Clionaut Akademije:<\/p>\n\n\n\n<\/div>\n<\/div>\n\n\n\n<h2 class=\"wp-block-heading\">Simboli bez pitanja: tko kontrolira narativ?<\/h2>\n\n\n\n<p>Thompsonova glazba odavno se nalazi u sredi\u0161tu rasprava o nacionalizmu, identitetu i povijesnoj memoriji. Njegove pjesme \u2013 koje se \u010desto koriste kao materijal za propagiranje jedne verzije povijesti \u2013 <a href=\"https:\/\/povijest.net\/ca\/2025\/thompson-povijest-i-izazovi-kritickog-misljenja-u-hrvatskom-obrazovanju\/\">redovito sadr\u017ee povijesne reference<\/a> koje nisu nu\u017eno u skladu s kriti\u010dkim pristupom povijesti, ve\u0107 se oslanjaju na mitologizaciju i jednostavne dihotomije \u201emi ili oni\u201c.<\/p>\n\n\n\n<p>Kada popularni glazbenik nosi majicu s referencom na teroristi\u010dki \u010din i time promovira osobu osu\u0111enu za ubojstvo, to nije samo osobni izbor, ve\u0107 javna politi\u010dka poruka. Time se doga\u0111a ono \u0161to Arendt naziva \u201enormalizacijom zla\u201c \u2013 dru\u0161tvo prihva\u0107a poruke nasilja jer ih vi\u0161e ne prepoznaje kao problemati\u010dne. Banalnost zla danas se o\u010dituje u tome \u0161to mnogi gra\u0111ani, a osobito mladi, mogu takve geste promatrati bez kriti\u010dkog odmaka \u2013 kao \u201eobi\u010dan folklor\u201c ili \u010dak \u201edomoljublje\u201c.<\/p>\n\n\n\n<h2 class=\"wp-block-heading\">Obrazovna odgovornost: kako u\u010ditelji mogu reagirati?<\/h2>\n\n\n\n<p>Zadatak obrazovanja nije cenzura niti moralna panika, ve\u0107 razvoj kompetencije za kriti\u010dko mi\u0161ljenje i razumijevanje konteksta. U\u010ditelji povijesti i gra\u0111anskog odgoja mogu imati klju\u010dnu ulogu. Pitanje Thompsonove koncertne poruke, simbolike i glazbenog narativa nije trivijalno pitanje pop-kulture, nego izravno zadire u temelje gra\u0111anskog odgoja, povijesnog obrazovanja i dru\u0161tvene odgovornosti.<\/p>\n\n\n\n<p>U\u010ditelji trebaju u\u010denicima objasniti <a href=\"https:\/\/povijest.net\/ca\/2025\/otmica-twa-355-i-sudenje-zvonku-busicu\/\">tko je bio Zvonko Bu\u0161i\u0107<\/a>, koje su bile posljedice njegovih postupaka te kako su njegovi \u010dini u kontekstu me\u0111unarodnog prava i politike kvalificirani kao terorizam. Pritom je va\u017eno pojasniti i kako razli\u010dite skupine koriste simboliku, ne negiraju\u0107i razli\u010dite perspektive, ali inzistiraju\u0107i na \u010dinjenicama.<\/p>\n\n\n<div class=\"wp-block-image\">\n<figure class=\"aligncenter size-large\"><img loading=\"lazy\" decoding=\"async\" width=\"1020\" height=\"1024\" src=\"https:\/\/povijest.net\/ca\/wp-content\/uploads\/2025\/07\/ustaska-zastava-na-koncertu-1020x1024.jpg\" alt=\"\" class=\"wp-image-11887\" srcset=\"https:\/\/povijest.net\/ca\/wp-content\/uploads\/2025\/07\/ustaska-zastava-na-koncertu-1020x1024.jpg 1020w, https:\/\/povijest.net\/ca\/wp-content\/uploads\/2025\/07\/ustaska-zastava-na-koncertu-300x300.jpg 300w, https:\/\/povijest.net\/ca\/wp-content\/uploads\/2025\/07\/ustaska-zastava-na-koncertu-150x150.jpg 150w, https:\/\/povijest.net\/ca\/wp-content\/uploads\/2025\/07\/ustaska-zastava-na-koncertu-768x771.jpg 768w, https:\/\/povijest.net\/ca\/wp-content\/uploads\/2025\/07\/ustaska-zastava-na-koncertu.jpg 1180w\" sizes=\"auto, (max-width: 1020px) 100vw, 1020px\" \/><figcaption class=\"wp-element-caption\">Usta\u0161ka zastava na koncertu<\/figcaption><\/figure>\n<\/div>\n\n\n<p>Pitanja za kriti\u010dku raspravu:<\/p>\n\n\n\n<ol class=\"wp-block-list\">\n<li>Za\u0161to je va\u017eno postavljati pitanja o simbolima koje netko nosi u javnosti?<\/li>\n\n\n\n<li>\u0160to zna\u010di kada netko javno veli\u010da osobu osu\u0111enu za nasilno djelo?<\/li>\n\n\n\n<li>Mo\u017ee li se nasilje opravdati vi\u0161im ciljevima?<\/li>\n<\/ol>\n\n\n\n<p>U\u010ditelji mogu s u\u010denicima analizirati Arendtinu ideju, uz jednostavna pitanja:<\/p>\n\n\n\n<ol class=\"wp-block-list\">\n<li>\u0160to zna\u010di \u201ebanalnost zla\u201c?<\/li>\n\n\n\n<li>Mo\u017ee li se zlo \u010diniti nesvjesno, iz \u201eposlu\u0161nosti\u201c ili \u201enavike\u201c?<\/li>\n\n\n\n<li>Kako to vidimo u dana\u0161njim dru\u0161tvenim pojavama, posebno u glazbi, medijima i politici?<\/li>\n<\/ol>\n\n\n\n<p>U\u010denici mogu analizirati medijske tekstove o Thompsonovu koncertu, poku\u0161avaju\u0107i detektirati razli\u010dite perspektive te usporediti hrvatske i strane izvore.<\/p>\n\n\n\n<p>Klju\u010dno je omogu\u0107iti u\u010denicima da promisle o stvarnim \u017ertvama nasilja i o va\u017enosti moralne odgovornosti. Povijest nije samo niz datuma i bitaka, nego i pitanje odnosa prema ljudskim \u017eivotima.<\/p>\n\n\n\n<p>Zada\u0107a u\u010ditelja nije osuditi ili zabraniti, ve\u0107 u\u010denike nau\u010diti pitati, misliti i razlikovati izme\u0111u slobode izra\u017eavanja i prikrivene normalizacije nasilja. Ova tema nudi priliku za razvoj medijske pismenosti, moralnog prosu\u0111ivanja i gra\u0111anske odgovornosti \u2013 \u0161to su sve temelji modernog obrazovanja.<\/p>\n\n\n\n<p>O relativizaciji nacisti\u010dkih simbola sam ve\u0107 pisao po\u010detkom godine i taj \u010dlanak mo\u017eete pro\u010ditati <a href=\"https:\/\/povijest.net\/ca\/2025\/relativizacija-nacistickih-simbola-i-vaznost-povijesne-svijesti-na-aktualnim-primjerima\/\">ovdje<\/a>.<\/p>\n\n\n\n<div class=\"wp-block-columns has-border-color is-layout-flex wp-container-core-columns-is-layout-28f84493 wp-block-columns-is-layout-flex\" style=\"border-color:#cf2e2e;border-style:dashed;border-width:1px;border-radius:10px\">\n<div class=\"wp-block-column is-layout-flow wp-block-column-is-layout-flow\">\n<p class=\"has-text-align-center has-cyan-bluish-gray-color has-text-color has-link-color has-small-font-size wp-elements-948331d77a7dcf4e9518fc66f3402adb\">Reklame se ne prikazuju \u010dlanovima Clionaut Akademije:<\/p>\n\n\n\n<\/div>\n<\/div>\n","protected":false},"excerpt":{"rendered":"<p>Koncert Marka Perkovi\u0107a Thompsona u Zagrebu 5. srpnja 2025. izazvao je javne rasprave, ne samo zbog glazbenog repertoara nego i zbog poslanih poruka. Istaknimo samo jednu \u2013 pjeva\u010d je nosio [&hellip;]<\/p>\n","protected":false},"author":1,"featured_media":11813,"comment_status":"closed","ping_status":"closed","sticky":false,"template":"","format":"standard","meta":{"_EventAllDay":false,"_EventTimezone":"","_EventStartDate":"","_EventEndDate":"","_EventStartDateUTC":"","_EventEndDateUTC":"","_EventShowMap":false,"_EventShowMapLink":false,"_EventURL":"","_EventCost":"","_EventCostDescription":"","_EventCurrencySymbol":"","_EventCurrencyCode":"","_EventCurrencyPosition":"","_EventDateTimeSeparator":"","_EventTimeRangeSeparator":"","_EventOrganizerID":[],"_EventVenueID":[],"_OrganizerEmail":"","_OrganizerPhone":"","_OrganizerWebsite":"","_VenueAddress":"","_VenueCity":"","_VenueCountry":"","_VenueProvince":"","_VenueState":"","_VenueZip":"","_VenuePhone":"","_VenueURL":"","_VenueStateProvince":"","_VenueLat":"","_VenueLng":"","_VenueShowMap":false,"_VenueShowMapLink":false,"footnotes":"","jetpack_publicize_message":"Majica s teroristi\u010dkim simbolom, koncert i pitanje koje ne smijemo zaobi\u0107i: Kako se banalnost zla preta\u010de u hrvatsko dru\u0161tvo i \u0161kole? Novi \u010dlanak o Thompsonu, simbolima i izazovima kriti\u010dkog mi\u0161ljenja u obrazovanju.","jetpack_publicize_feature_enabled":true,"jetpack_social_post_already_shared":false,"jetpack_social_options":{"image_generator_settings":{"template":"highway","default_image_id":0,"enabled":false},"version":2}},"categories":[181],"tags":[1152,393,266],"class_list":["post-11805","post","type-post","status-publish","format-standard","has-post-thumbnail","hentry","category-o-poucavanju-povijesti","tag-banalnost-zla","tag-thompson","tag-ustase"],"jetpack_publicize_connections":[],"_links":{"self":[{"href":"https:\/\/povijest.net\/ca\/wp-json\/wp\/v2\/posts\/11805","targetHints":{"allow":["GET"]}}],"collection":[{"href":"https:\/\/povijest.net\/ca\/wp-json\/wp\/v2\/posts"}],"about":[{"href":"https:\/\/povijest.net\/ca\/wp-json\/wp\/v2\/types\/post"}],"author":[{"embeddable":true,"href":"https:\/\/povijest.net\/ca\/wp-json\/wp\/v2\/users\/1"}],"replies":[{"embeddable":true,"href":"https:\/\/povijest.net\/ca\/wp-json\/wp\/v2\/comments?post=11805"}],"version-history":[{"count":9,"href":"https:\/\/povijest.net\/ca\/wp-json\/wp\/v2\/posts\/11805\/revisions"}],"predecessor-version":[{"id":11916,"href":"https:\/\/povijest.net\/ca\/wp-json\/wp\/v2\/posts\/11805\/revisions\/11916"}],"wp:featuredmedia":[{"embeddable":true,"href":"https:\/\/povijest.net\/ca\/wp-json\/wp\/v2\/media\/11813"}],"wp:attachment":[{"href":"https:\/\/povijest.net\/ca\/wp-json\/wp\/v2\/media?parent=11805"}],"wp:term":[{"taxonomy":"category","embeddable":true,"href":"https:\/\/povijest.net\/ca\/wp-json\/wp\/v2\/categories?post=11805"},{"taxonomy":"post_tag","embeddable":true,"href":"https:\/\/povijest.net\/ca\/wp-json\/wp\/v2\/tags?post=11805"}],"curies":[{"name":"wp","href":"https:\/\/api.w.org\/{rel}","templated":true}]}}