{"id":1144,"date":"2023-12-16T00:03:20","date_gmt":"2023-12-15T23:03:20","guid":{"rendered":"https:\/\/platforma-klio.com\/?p=1144"},"modified":"2024-12-17T17:52:33","modified_gmt":"2024-12-17T16:52:33","slug":"poziv-na-raspravu-o-zabrani-udzbenika-povijesti-u-hrvatskoj","status":"publish","type":"post","link":"https:\/\/povijest.net\/ca\/2023\/poziv-na-raspravu-o-zabrani-udzbenika-povijesti-u-hrvatskoj\/","title":{"rendered":"Poziv na raspravu o zabrani ud\u017ebenika povijesti u Hrvatskoj"},"content":{"rendered":"\n<p>Prvi put nakon devedesetih godina pro\u0161loga stolje\u0107a u Hrvatskoj se dogodila zabrana ud\u017ebenika povijesti. Dodu\u0161e to se u komunikaciji Ministarstva znanosti i obrazovanja s portalom Narod.hr naziva <em>povla\u010denjem ud\u017ebenika<\/em>. Zabranjen je ud\u017ebenik <em>Za\u0161to je povijest va\u017ena? 4<\/em>, ud\u017ebenik povijesti za 4. razred gimnazije, koji je isto ministarstvo jednoglasno i bez dorade odobrilo 2021. godine.<\/p>\n\n\n\n<!--more-->\n\n\n\n<p>Posljednjih dana otvorilo se ve\u0107 nekoliko linija komentiranja, razli\u010ditih perspektiva, ali i prili\u010dno neugodnih napada na pojedince. Pozivamo nastavnike povijesti, povjesni\u010dare, znanstvenike kao i druge zainteresirane na otvorenu i ulju\u0111enu raspravu s ciljem pobolj\u0161anja komunikacije, transparentnosti i multiperspektivnosti oko pitanja kreiranja ud\u017ebenika povijesti i pou\u010davanja u Hrvatskoj.<\/p>\n\n\n\n<p>U nedostatku slu\u017ebenog obrazlo\u017eenja Ministarstva znanosti i obrazovanja prenosimo dio <a href=\"https:\/\/historiografija.hr\/?p=38553\" target=\"_blank\" rel=\"noreferrer noopener\">komentara <\/a>dr. sc. Branimira Jankovi\u0107a: <\/p>\n\n\n\n<blockquote class=\"wp-block-quote is-layout-flow wp-block-quote-is-layout-flow\">\n<p>Progla\u0161avanje odre\u0111enih tuma\u010denja povijesti prakti\u010dki nepodobnim i time spre\u010davanje pluralizma pogleda na povijesne kontroverze ne samo da je protivno povijesnoj znanosti nego i demokratskom dru\u0161tvu. Niti \u0107e ikad biti prihva\u0107eno u me\u0111unarodnoj historiografiji i nastavi povijesti. Ma koliko poku\u0161avali, razli\u010dite poglede na povijest nije mogu\u0107e zaustaviti.<\/p>\n<cite>Branimir Jankovi\u0107<\/cite><\/blockquote>\n\n\n\n<p>Komentare, reagiranja, rasprave i sli\u010dne materijale objaviti \u0107emo u 5. broju \u010dasopisa <em>Pou\u010davanje povijesti<\/em>. Priloge mo\u017eete poslati na casopis@platforma-klio.com<\/p>\n\n\n\n<p>Svoja promi\u0161ljanja i poruke <strong>anonimno<\/strong> mo\u017eete ostaviti i u sljede\u0107em obrascu:<\/p>\n\n\n\n<div class=\"wp-block-columns are-vertically-aligned-center is-layout-flex wp-container-core-columns-is-layout-28f84493 wp-block-columns-is-layout-flex\">\n<div class=\"wp-block-column is-vertically-aligned-center is-layout-flow wp-block-column-is-layout-flow\"><\/div>\n<\/div>\n","protected":false},"excerpt":{"rendered":"<p>Prvi put nakon devedesetih godina pro\u0161loga stolje\u0107a u Hrvatskoj se dogodila zabrana ud\u017ebenika povijesti. Dodu\u0161e to se u komunikaciji Ministarstva znanosti i obrazovanja s portalom Narod.hr naziva povla\u010denjem ud\u017ebenika. Zabranjen [&hellip;]<\/p>\n","protected":false},"author":1,"featured_media":1398,"comment_status":"closed","ping_status":"closed","sticky":false,"template":"","format":"standard","meta":{"_EventAllDay":false,"_EventTimezone":"","_EventStartDate":"","_EventEndDate":"","_EventStartDateUTC":"","_EventEndDateUTC":"","_EventShowMap":false,"_EventShowMapLink":false,"_EventURL":"","_EventCost":"","_EventCostDescription":"","_EventCurrencySymbol":"","_EventCurrencyCode":"","_EventCurrencyPosition":"","_EventDateTimeSeparator":"","_EventTimeRangeSeparator":"","_EventOrganizerID":[],"_EventVenueID":[],"_OrganizerEmail":"","_OrganizerPhone":"","_OrganizerWebsite":"","_VenueAddress":"","_VenueCity":"","_VenueCountry":"","_VenueProvince":"","_VenueState":"","_VenueZip":"","_VenuePhone":"","_VenueURL":"","_VenueStateProvince":"","_VenueLat":"","_VenueLng":"","_VenueShowMap":false,"_VenueShowMapLink":false,"footnotes":"","jetpack_publicize_message":"","jetpack_publicize_feature_enabled":true,"jetpack_social_post_already_shared":false,"jetpack_social_options":{"image_generator_settings":{"template":"highway","default_image_id":0,"font":"","enabled":false},"version":2}},"categories":[22],"tags":[124,125],"class_list":["post-1144","post","type-post","status-publish","format-standard","has-post-thumbnail","hentry","category-vijesti-platforme-klio","tag-zabrana-udzbenika","tag-zasto-je-povijest-vazna-4"],"jetpack_publicize_connections":[],"_links":{"self":[{"href":"https:\/\/povijest.net\/ca\/wp-json\/wp\/v2\/posts\/1144","targetHints":{"allow":["GET"]}}],"collection":[{"href":"https:\/\/povijest.net\/ca\/wp-json\/wp\/v2\/posts"}],"about":[{"href":"https:\/\/povijest.net\/ca\/wp-json\/wp\/v2\/types\/post"}],"author":[{"embeddable":true,"href":"https:\/\/povijest.net\/ca\/wp-json\/wp\/v2\/users\/1"}],"replies":[{"embeddable":true,"href":"https:\/\/povijest.net\/ca\/wp-json\/wp\/v2\/comments?post=1144"}],"version-history":[{"count":2,"href":"https:\/\/povijest.net\/ca\/wp-json\/wp\/v2\/posts\/1144\/revisions"}],"predecessor-version":[{"id":7978,"href":"https:\/\/povijest.net\/ca\/wp-json\/wp\/v2\/posts\/1144\/revisions\/7978"}],"wp:featuredmedia":[{"embeddable":true,"href":"https:\/\/povijest.net\/ca\/wp-json\/wp\/v2\/media\/1398"}],"wp:attachment":[{"href":"https:\/\/povijest.net\/ca\/wp-json\/wp\/v2\/media?parent=1144"}],"wp:term":[{"taxonomy":"category","embeddable":true,"href":"https:\/\/povijest.net\/ca\/wp-json\/wp\/v2\/categories?post=1144"},{"taxonomy":"post_tag","embeddable":true,"href":"https:\/\/povijest.net\/ca\/wp-json\/wp\/v2\/tags?post=1144"}],"curies":[{"name":"wp","href":"https:\/\/api.w.org\/{rel}","templated":true}]}}