{"id":11328,"date":"2025-02-04T16:02:56","date_gmt":"2025-02-04T15:02:56","guid":{"rendered":"https:\/\/povijest.net\/ca\/?p=11328"},"modified":"2025-02-04T16:02:59","modified_gmt":"2025-02-04T15:02:59","slug":"najava-novo-izdanje-soa-akademije","status":"publish","type":"post","link":"https:\/\/povijest.net\/ca\/2025\/najava-novo-izdanje-soa-akademije\/","title":{"rendered":"NAJAVA: Novo izdanje \u0160oa Akademije"},"content":{"rendered":"\n<p>Novo izdanje \u0160oa Akademije odr\u017eati \u0107e se u \u010detvrtak 13. velja\u010de 2025. godine s po\u010detkom u 14.00 sati.<\/p>\n\n\n\n<!--more-->\n\n\n<div class=\"wp-block-image\">\n<figure class=\"aligncenter size-large\"><img loading=\"lazy\" decoding=\"async\" width=\"1024\" height=\"130\" src=\"https:\/\/povijest.net\/ca\/wp-content\/uploads\/2024\/12\/clionaut_preporuke-za-edukatore-1024x130.jpg\" alt=\"Clionaut preporuka: za edukatore\" class=\"wp-image-7254\" srcset=\"https:\/\/povijest.net\/ca\/wp-content\/uploads\/2024\/12\/clionaut_preporuke-za-edukatore-1024x130.jpg 1024w, https:\/\/povijest.net\/ca\/wp-content\/uploads\/2024\/12\/clionaut_preporuke-za-edukatore-300x38.jpg 300w, https:\/\/povijest.net\/ca\/wp-content\/uploads\/2024\/12\/clionaut_preporuke-za-edukatore-768x98.jpg 768w, https:\/\/povijest.net\/ca\/wp-content\/uploads\/2024\/12\/clionaut_preporuke-za-edukatore.jpg 1180w\" sizes=\"auto, (max-width: 1024px) 100vw, 1024px\" \/><\/figure>\n<\/div>\n\n\n<div class=\"wp-block-pmpro-membership\">\n<div class=\"wp-block-columns has-border-color is-layout-flex wp-container-core-columns-is-layout-28f84493 wp-block-columns-is-layout-flex\" style=\"border-color:#cf2e2e;border-style:dashed;border-width:1px;border-radius:10px\">\n<div class=\"wp-block-column is-layout-flow wp-block-column-is-layout-flow\">\n<p class=\"has-text-align-center has-cyan-bluish-gray-color has-text-color has-link-color has-small-font-size wp-elements-948331d77a7dcf4e9518fc66f3402adb\">Reklame se ne prikazuju \u010dlanovima Clionaut Akademije:<\/p>\n\n\n\n<\/div>\n<\/div>\n\n\n\n<div style=\"height:20px\" aria-hidden=\"true\" class=\"wp-block-spacer\"><\/div>\n<\/div>\n\n\n\n<p>Pozivaju se zainteresirani u\u010ditelje i nastavnici s u\u010denicima da svoj dolazak najave na e-mail predstavnikzidovskemanjinezg@gmail.com. Najave se primaju do 12. velja\u010de 2025.<\/p>\n\n\n\n<p>Nastavnici se za usavr\u0161avanje mogu prijaviti na EttaEdu (Predmetno podru\u010dje: Pou\u010davanje o Holokaustu) portal kako bi dobili potvrde.<\/p>\n\n\n\n<p>Program:<\/p>\n\n\n\n<ul class=\"wp-block-list\">\n<li>Uvodna rije\u010d &#8211; Sanja Zori\u010di\u0107 Tabakovi\u0107<\/li>\n\n\n\n<li>Uloga institucija u obrazovanju o Holokaustu &#8211; Emil Kerenji<\/li>\n\n\n\n<li>Obrazovanje o Holokaustu od makro do mikro perspektive &#8211; Lovro Kralj<\/li>\n\n\n\n<li>Iskustvo u\u010denika u obrazovnom programu o Holokaustu (posjet Auschwitz-u)<\/li>\n<\/ul>\n\n\n\n<p>Program se odr\u017eava u \u017didovskoj op\u0107ini Zagreb, Palmoti\u0107eva 16, 10 000 Zagreb, I. kat.<\/p>\n\n\n\n<div class=\"wp-block-media-text is-stacked-on-mobile is-image-fill-element\"><figure class=\"wp-block-media-text__media\"><img loading=\"lazy\" decoding=\"async\" width=\"500\" height=\"710\" src=\"https:\/\/povijest.net\/ca\/wp-content\/uploads\/2025\/01\/holokaust-naslovnica-1.jpg\" alt=\"\" class=\"wp-image-11208 size-full\" style=\"object-position:54% 57%\" srcset=\"https:\/\/povijest.net\/ca\/wp-content\/uploads\/2025\/01\/holokaust-naslovnica-1.jpg 500w, https:\/\/povijest.net\/ca\/wp-content\/uploads\/2025\/01\/holokaust-naslovnica-1-211x300.jpg 211w\" sizes=\"auto, (max-width: 500px) 100vw, 500px\" \/><\/figure><div class=\"wp-block-media-text__content\">\n<p>Vi\u0161e o mitovima i zabludama poveznima uz Holokaust mo\u017eete istra\u017eiti u knjizi &#8220;<a href=\"https:\/\/povijest.net\/ca\/downloads\/knjiga-holokaust-mitovi-zablude-i-poricanje\/\">Holokaust \u2013 mitovi, zablude i poricanje<\/a>&#8220;.<\/p>\n<\/div><\/div>\n","protected":false},"excerpt":{"rendered":"<p>Novo izdanje \u0160oa Akademije odr\u017eati \u0107e se u \u010detvrtak 13. velja\u010de 2025. godine s po\u010detkom u 14.00 sati.<\/p>\n","protected":false},"author":1,"featured_media":11329,"comment_status":"closed","ping_status":"closed","sticky":false,"template":"","format":"standard","meta":{"_EventAllDay":false,"_EventTimezone":"","_EventStartDate":"","_EventEndDate":"","_EventStartDateUTC":"","_EventEndDateUTC":"","_EventShowMap":false,"_EventShowMapLink":false,"_EventURL":"","_EventCost":"","_EventCostDescription":"","_EventCurrencySymbol":"","_EventCurrencyCode":"","_EventCurrencyPosition":"","_EventDateTimeSeparator":"","_EventTimeRangeSeparator":"","_EventOrganizerID":[],"_EventVenueID":[],"_OrganizerEmail":"","_OrganizerPhone":"","_OrganizerWebsite":"","_VenueAddress":"","_VenueCity":"","_VenueCountry":"","_VenueProvince":"","_VenueState":"","_VenueZip":"","_VenuePhone":"","_VenueURL":"","_VenueStateProvince":"","_VenueLat":"","_VenueLng":"","_VenueShowMap":false,"_VenueShowMapLink":false,"footnotes":"","jetpack_publicize_message":"","jetpack_publicize_feature_enabled":true,"jetpack_social_post_already_shared":true,"jetpack_social_options":{"image_generator_settings":{"template":"highway","default_image_id":0,"font":"","enabled":false},"version":2}},"categories":[2],"tags":[86,864],"class_list":["post-11328","post","type-post","status-publish","format-standard","has-post-thumbnail","hentry","category-vijesti-edu","tag-holokaust","tag-soa-akademija"],"jetpack_publicize_connections":[],"_links":{"self":[{"href":"https:\/\/povijest.net\/ca\/wp-json\/wp\/v2\/posts\/11328","targetHints":{"allow":["GET"]}}],"collection":[{"href":"https:\/\/povijest.net\/ca\/wp-json\/wp\/v2\/posts"}],"about":[{"href":"https:\/\/povijest.net\/ca\/wp-json\/wp\/v2\/types\/post"}],"author":[{"embeddable":true,"href":"https:\/\/povijest.net\/ca\/wp-json\/wp\/v2\/users\/1"}],"replies":[{"embeddable":true,"href":"https:\/\/povijest.net\/ca\/wp-json\/wp\/v2\/comments?post=11328"}],"version-history":[{"count":3,"href":"https:\/\/povijest.net\/ca\/wp-json\/wp\/v2\/posts\/11328\/revisions"}],"predecessor-version":[{"id":11332,"href":"https:\/\/povijest.net\/ca\/wp-json\/wp\/v2\/posts\/11328\/revisions\/11332"}],"wp:featuredmedia":[{"embeddable":true,"href":"https:\/\/povijest.net\/ca\/wp-json\/wp\/v2\/media\/11329"}],"wp:attachment":[{"href":"https:\/\/povijest.net\/ca\/wp-json\/wp\/v2\/media?parent=11328"}],"wp:term":[{"taxonomy":"category","embeddable":true,"href":"https:\/\/povijest.net\/ca\/wp-json\/wp\/v2\/categories?post=11328"},{"taxonomy":"post_tag","embeddable":true,"href":"https:\/\/povijest.net\/ca\/wp-json\/wp\/v2\/tags?post=11328"}],"curies":[{"name":"wp","href":"https:\/\/api.w.org\/{rel}","templated":true}]}}