{"id":6255,"global_id":"povijest.net\/ca?id=6255","global_id_lineage":["povijest.net\/ca?id=6255"],"author":"1","status":"publish","date":"2024-12-07 01:58:44","date_utc":"2024-12-07 00:58:44","modified":"2024-12-16 19:33:03","modified_utc":"2024-12-16 18:33:03","url":"https:\/\/povijest.net\/ca\/edukacija\/udzbenik-povijesti-u-hrvatskoj-od-kreacije-do-zabrane\/","rest_url":"https:\/\/povijest.net\/ca\/wp-json\/tribe\/events\/v1\/events\/6255","title":"Ud\u017ebenik povijesti u Hrvatskoj \u2013 od kreacije do zabrane","description":"<div  class=\"tribe-events-schedule tribe-clearfix\" >\n\t<p class=\"tribe-events-schedule__datetime\">\n\t\t<span class=\"tribe-events-schedule__date tribe-events-schedule__date--start\">\n\t\t\t\t\t<\/span>\n\n\t\t\t\t\t<span class=\"tribe-events-schedule__separator tribe-events-schedule__separator--date\">\n\t\t\t\t @ \t\t\t<\/span>\n\t\t\t<span class=\"tribe-events-schedule__time tribe-events-schedule__time--start\">\n\t\t\t\t\t\t\t<\/span>\n\t\t\n\t\t\t<\/p>\n<\/div>\n\n\n\n<p><\/p>\n\n\n\n<div class=\"wp-block-columns is-layout-flex wp-container-core-columns-is-layout-28f84493 wp-block-columns-is-layout-flex\">\n<div class=\"wp-block-column is-layout-flow wp-block-column-is-layout-flow\">\n<p>Kako nastaje povijesni ud\u017ebenik? Koliko su slobodni autori da pi\u0161u ono \u0161to misle? Jeste li se ikad pitali za\u0161to neki ud\u017ebenici \u2018nestaju\u2019 iz na\u0161ih \u0161kola? Pisanje i odobravanje ud\u017ebenika nije samo akademski rad \u2013 to je slo\u017eeni proces gdje politika, znanost i obrazovne potrebe \u010desto dolaze u konflikt. Ova tema rijetko dolazi pod reflektore, iako utje\u010de na svakog u\u010denika i u\u010ditelja.<\/p>\n\n\n\n<!--more-->\n\n\n\n<p>Ud\u017ebenik je jedino obavezno nastavno sredstvo u hrvatskim osnovnim i srednjim \u0161kolama. Dr\u017eava odobrava ud\u017ebenike i propisuje \u0161to moraju sadr\u017eavati i kakvi moraju biti. Nakon uvo\u0111enja predmetnih kurikuluma novi ud\u017ebenici su u\u0161li u osnovne \u0161kole i gimnazije u razdoblju od 2018. do 2021.<\/p>\n\n\n\n<p>Cijeli proces nastanka ud\u017ebenika od njihovog pisanja do odobravanja i kori\u0161tenja u \u0161kolama nije dovoljno transparentan niti se itko potrudio objasniti proces javnosti. Zbog toga u javnosti postoje brojne nedoumice i krive interpretacije. Ud\u017ebenici povijesti su optere\u0107eni interesom dnevne politike i zbog toga su ve\u0107 desetlje\u0107ima boji\u0161nica izme\u0111u autoritarnosti, uskog gledanja kroz nacionalnu perspektivu i poku\u0161aja razvoja kriti\u010dkog mi\u0161ljenja. Predavanje se organizira povodom obljetnice zabrane ud\u017ebenika&nbsp;<em>Za\u0161to je povijest va\u017ena? 4<\/em>.<\/p>\n<\/div>\n\n\n\n<div class=\"wp-block-column is-layout-flow wp-block-column-is-layout-flow\">\n<figure class=\"wp-block-image size-large\"><img loading=\"lazy\" decoding=\"async\" width=\"1024\" height=\"576\" src=\"https:\/\/povijest.net\/ca\/wp-content\/uploads\/2024\/12\/zabranjen_udzbenik-1-1024x576.jpg\" alt=\"Zabranjen ud\u017ebenik &quot;Za\u0161to je Povijest va\u017ena? 4&quot;\" class=\"wp-image-6256\" srcset=\"https:\/\/povijest.net\/ca\/wp-content\/uploads\/2024\/12\/zabranjen_udzbenik-1-1024x576.jpg 1024w, https:\/\/povijest.net\/ca\/wp-content\/uploads\/2024\/12\/zabranjen_udzbenik-1-300x169.jpg 300w, https:\/\/povijest.net\/ca\/wp-content\/uploads\/2024\/12\/zabranjen_udzbenik-1-768x432.jpg 768w, https:\/\/povijest.net\/ca\/wp-content\/uploads\/2024\/12\/zabranjen_udzbenik-1.jpg 1200w\" sizes=\"auto, (max-width: 1024px) 100vw, 1024px\" \/><\/figure>\n<\/div>\n<\/div>\n\n\n\n<p><a href=\"https:\/\/hajdarovic.com\/cv\/\" target=\"_blank\" rel=\"noreferrer noopener\"><strong>Miljenko Hajdarovi\u0107<\/strong><\/a>, biv\u0161i urednik i autor desetak ud\u017ebenika, priru\u010dnika i radnih bilje\u017enica \u0107e govoriti o:<\/p>\n\n\n\n<ul class=\"wp-block-list\">\n<li>prilagodbi zahtjeva kurikuluma Povijesti mogu\u0107nostima u\u010denika,<\/li>\n\n\n\n<li>okvirima dopu\u0161tenog, cenzuri i autocenzuri, te kontroverznim i osjetljivim temama,<\/li>\n\n\n\n<li>odabiru i radu s autorskim timom,<\/li>\n\n\n\n<li>autorskim pravima i dostupnim materijalima,<\/li>\n\n\n\n<li>rokovima,<\/li>\n\n\n\n<li>procesu odobravanja,<\/li>\n\n\n\n<li>uvo\u0111enju ud\u017ebenika u \u0161kole,<\/li>\n\n\n\n<li>reakcijama javnosti,<\/li>\n\n\n\n<li>te o zabrani ud\u017ebenika&nbsp;<em>Za\u0161to je povijest va\u017ena? 4<\/em>.<\/li>\n<\/ul>\n\n\n\n<p>Pridru\u017eite se i otkrijte kako se povijesni ud\u017ebenici u Hrvatskoj oblikuju, i za\u0161to su toliko \u010desto predmet kontroverzi. Va\u0161e razumijevanje ovog procesa moglo bi promijeniti va\u0161e vi\u0111enje povijesti i obrazovanja.<\/p>\n\n\n<div  class=\"tribe-block tribe-block__event-price\" >\n\t\t<\/div>\n\n\n<div  class=\"tribe-block tribe-block__organizer__details tribe-clearfix\" >\n\t<div class=\"tribe-block__organizer__title\">\n\t\t<h3>Clionaut Akademija<\/h3>\n\t<\/div>\n\t\t\t<p class=\"tribe-block__organizer__phone\">+385 98 632 507<\/p>\n\t\t\t\t<p class=\"tribe-block__organizer__website\"><a href=\"https:\/\/povijest.net\/ca\/\" target=\"_blank\" rel=\"noopener noreferrer\">Pogledajte web stranicu Organizator<\/a><\/p>\n\t\t\t\t<p class=\"tribe-block__organizer__email\">&#115;h&#111;&#112;&#064;&#112;ovi&#106;es&#116;&#046;&#110;e&#116;<\/p>\n\t<\/div>\n\n\n<div  class=\"tribe-block tribe-block__venue tribe-clearfix\" >\n\t\n\t\t\n\t<\/div>\n\n\n\n\n\t<div  class=\"tribe-block tribe-block__events-link\" >\n\t\t<div class=\"tribe-events tribe-common\">\n\t\t\t<div class=\"tribe-events-c-subscribe-dropdown__container\">\n\t\t\t\t<div class=\"tribe-events-c-subscribe-dropdown\">\n\t\t\t\t\t<div class=\"tribe-common-c-btn-border tribe-events-c-subscribe-dropdown__button\">\n\t\t\t\t\t\t<svg\n\t class=\"tribe-common-c-svgicon tribe-common-c-svgicon--cal-export tribe-events-c-subscribe-dropdown__export-icon\" \taria-hidden=\"true\"\n\tviewBox=\"0 0 23 17\"\n\txmlns=\"http:\/\/www.w3.org\/2000\/svg\"\n>\n\t<path fill-rule=\"evenodd\" clip-rule=\"evenodd\" d=\"M.128.896V16.13c0 .211.145.383.323.383h15.354c.179 0 .323-.172.323-.383V.896c0-.212-.144-.383-.323-.383H.451C.273.513.128.684.128.896Zm16 6.742h-.901V4.679H1.009v10.729h14.218v-3.336h.901V7.638ZM1.01 1.614h14.218v2.058H1.009V1.614Z\" \/>\n\t<path d=\"M20.5 9.846H8.312M18.524 6.953l2.89 2.909-2.855 2.855\" stroke-width=\"1.2\" stroke-linecap=\"round\" stroke-linejoin=\"round\"\/>\n<\/svg>\n\t\t\t\t\t\t<button\n\t\t\t\t\t\t\tclass=\"tribe-events-c-subscribe-dropdown__button-text\"\n\t\t\t\t\t\t\taria-expanded=\"false\"\n\t\t\t\t\t\t\taria-controls=\"tribe-events-subscribe-dropdown-content\"\n\t\t\t\t\t\t\taria-label=\"View links to add events to your calendar\"\n\t\t\t\t\t\t>\n\t\t\t\t\t\t\tAdd to calendar\t\t\t\t\t\t<\/button>\n\t\t\t\t\t\t<svg\n\t class=\"tribe-common-c-svgicon tribe-common-c-svgicon--caret-down tribe-events-c-subscribe-dropdown__button-icon\" \taria-hidden=\"true\"\n\tviewBox=\"0 0 10 7\"\n\txmlns=\"http:\/\/www.w3.org\/2000\/svg\"\n>\n\t<path fill-rule=\"evenodd\" clip-rule=\"evenodd\" d=\"M1.008.609L5 4.6 8.992.61l.958.958L5 6.517.05 1.566l.958-.958z\" class=\"tribe-common-c-svgicon__svg-fill\"\/>\n<\/svg>\n\t\t\t\t\t<\/div>\n\t\t\t\t\t<div id=\"tribe-events-subscribe-dropdown-content\" class=\"tribe-events-c-subscribe-dropdown__content\">\n\t\t\t\t\t\t<ul class=\"tribe-events-c-subscribe-dropdown__list\">\n\t\t\t\t\t\t\t\t\t\t\t\t\t\t\t<li class=\"tribe-events-c-subscribe-dropdown__list-item tribe-events-c-subscribe-dropdown__list-item--gcal\">\n\t\t\t\t\t\t\t\t\t<a\n\t\t\t\t\t\t\t\t\t\thref=\"\"\n\t\t\t\t\t\t\t\t\t\tclass=\"tribe-events-c-subscribe-dropdown__list-item-link\"\n\t\t\t\t\t\t\t\t\t\ttarget=\"_blank\"\n\t\t\t\t\t\t\t\t\t\trel=\"noopener noreferrer nofollow noindex\"\n\t\t\t\t\t\t\t\t\t>\n\t\t\t\t\t\t\t\t\t\tDodaj u Google kalendar\t\t\t\t\t\t\t\t\t<\/a>\n\t\t\t\t\t\t\t\t<\/li>\n\t\t\t\t\t\t\t\t\t\t\t\t\t\t\t<li class=\"tribe-events-c-subscribe-dropdown__list-item tribe-events-c-subscribe-dropdown__list-item--ical\">\n\t\t\t\t\t\t\t\t\t<a\n\t\t\t\t\t\t\t\t\t\thref=\"\"\n\t\t\t\t\t\t\t\t\t\tclass=\"tribe-events-c-subscribe-dropdown__list-item-link\"\n\t\t\t\t\t\t\t\t\t\ttarget=\"_blank\"\n\t\t\t\t\t\t\t\t\t\trel=\"noopener noreferrer nofollow noindex\"\n\t\t\t\t\t\t\t\t\t>\n\t\t\t\t\t\t\t\t\t\tiCalendar\t\t\t\t\t\t\t\t\t<\/a>\n\t\t\t\t\t\t\t\t<\/li>\n\t\t\t\t\t\t\t\t\t\t\t\t\t\t\t<li class=\"tribe-events-c-subscribe-dropdown__list-item tribe-events-c-subscribe-dropdown__list-item--outlook-365\">\n\t\t\t\t\t\t\t\t\t<a\n\t\t\t\t\t\t\t\t\t\thref=\"\"\n\t\t\t\t\t\t\t\t\t\tclass=\"tribe-events-c-subscribe-dropdown__list-item-link\"\n\t\t\t\t\t\t\t\t\t\ttarget=\"_blank\"\n\t\t\t\t\t\t\t\t\t\trel=\"noopener noreferrer nofollow noindex\"\n\t\t\t\t\t\t\t\t\t>\n\t\t\t\t\t\t\t\t\t\tOutlook 365\t\t\t\t\t\t\t\t\t<\/a>\n\t\t\t\t\t\t\t\t<\/li>\n\t\t\t\t\t\t\t\t\t\t\t\t\t\t\t<li class=\"tribe-events-c-subscribe-dropdown__list-item tribe-events-c-subscribe-dropdown__list-item--outlook-live\">\n\t\t\t\t\t\t\t\t\t<a\n\t\t\t\t\t\t\t\t\t\thref=\"\"\n\t\t\t\t\t\t\t\t\t\tclass=\"tribe-events-c-subscribe-dropdown__list-item-link\"\n\t\t\t\t\t\t\t\t\t\ttarget=\"_blank\"\n\t\t\t\t\t\t\t\t\t\trel=\"noopener noreferrer nofollow noindex\"\n\t\t\t\t\t\t\t\t\t>\n\t\t\t\t\t\t\t\t\t\tOutlook Live\t\t\t\t\t\t\t\t\t<\/a>\n\t\t\t\t\t\t\t\t<\/li>\n\t\t\t\t\t\t\t\t\t\t\t\t\t<\/ul>\n\t\t\t\t\t<\/div>\n\t\t\t\t<\/div>\n\t\t\t<\/div>\n\t\t<\/div>\n\t<\/div>","excerpt":"","slug":"udzbenik-povijesti-u-hrvatskoj-od-kreacije-do-zabrane","image":{"url":"https:\/\/povijest.net\/ca\/wp-content\/uploads\/2024\/12\/zabranjen_udzbenik-1.jpg","id":6256,"extension":"jpg","width":1200,"height":675,"filesize":109647,"sizes":{"medium":{"width":300,"height":169,"mime-type":"image\/jpeg","filesize":9342,"url":"https:\/\/povijest.net\/ca\/wp-content\/uploads\/2024\/12\/zabranjen_udzbenik-1-300x169.jpg"},"large":{"width":1024,"height":576,"mime-type":"image\/jpeg","filesize":75314,"url":"https:\/\/povijest.net\/ca\/wp-content\/uploads\/2024\/12\/zabranjen_udzbenik-1-1024x576.jpg"},"thumbnail":{"width":150,"height":150,"mime-type":"image\/jpeg","filesize":7374,"url":"https:\/\/povijest.net\/ca\/wp-content\/uploads\/2024\/12\/zabranjen_udzbenik-1-150x150.jpg"},"medium_large":{"width":768,"height":432,"mime-type":"image\/jpeg","filesize":44601,"url":"https:\/\/povijest.net\/ca\/wp-content\/uploads\/2024\/12\/zabranjen_udzbenik-1-768x432.jpg"}}},"all_day":false,"start_date":"2024-12-16 18:00:00","start_date_details":{"year":"2024","month":"12","day":"16","hour":"18","minutes":"00","seconds":"00"},"end_date":"2024-12-16 19:30:00","end_date_details":{"year":"2024","month":"12","day":"16","hour":"19","minutes":"30","seconds":"00"},"utc_start_date":"2024-12-16 17:00:00","utc_start_date_details":{"year":"2024","month":"12","day":"16","hour":"17","minutes":"00","seconds":"00"},"utc_end_date":"2024-12-16 18:30:00","utc_end_date_details":{"year":"2024","month":"12","day":"16","hour":"18","minutes":"30","seconds":"00"},"timezone":"Europe\/Zagreb","timezone_abbr":"","cost":"\u20ac10","cost_details":{"currency_symbol":"\u20ac","currency_code":"EUR","currency_position":"prefix","values":["10"]},"website":"","show_map":false,"show_map_link":false,"hide_from_listings":false,"sticky":false,"featured":false,"categories":[{"name":"Didaktika i metodika povijesti","slug":"didaktika-metodika-pov","term_group":0,"term_taxonomy_id":19,"taxonomy":"tribe_events_cat","description":"Edukacije o didaktici i metodici nastave Povijesti","parent":0,"count":9,"filter":"raw","id":19,"urls":{"self":"https:\/\/povijest.net\/ca\/wp-json\/tribe\/events\/v1\/categories\/19","collection":"https:\/\/povijest.net\/ca\/wp-json\/tribe\/events\/v1\/categories"}}],"tags":[{"name":"ud\u017ebenici","slug":"udzbenici","term_group":0,"term_taxonomy_id":690,"taxonomy":"post_tag","description":"","parent":0,"count":3,"filter":"raw","id":690,"urls":{"self":"https:\/\/povijest.net\/ca\/wp-json\/tribe\/events\/v1\/tags\/690","collection":"https:\/\/povijest.net\/ca\/wp-json\/tribe\/events\/v1\/tags"}}],"venue":{"id":132,"author":"1","status":"publish","date":"2024-12-05 21:50:12","date_utc":"2024-12-05 20:50:12","modified":"2025-07-15 14:09:27","modified_utc":"2025-07-15 12:09:27","url":"https:\/\/povijest.net\/ca\/lokacija\/zoom\/","venue":"Zoom","slug":"zoom","image":{"url":"https:\/\/povijest.net\/ca\/wp-content\/uploads\/2024\/12\/zoom.jpg","id":133,"extension":"jpg","width":200,"height":200,"filesize":5997,"sizes":{"thumbnail":{"width":150,"height":150,"mime-type":"image\/jpeg","filesize":5219,"url":"https:\/\/povijest.net\/ca\/wp-content\/uploads\/2024\/12\/zoom-150x150.jpg"}}},"json_ld":{"@type":"Place","name":"Zoom","description":"","image":"https:\/\/povijest.net\/ca\/wp-content\/uploads\/2024\/12\/zoom.jpg","url":"","address":{"@type":"PostalAddress"},"telephone":"","sameAs":""},"show_map":false,"show_map_link":false,"global_id":"povijest.net\/ca?id=132","global_id_lineage":["povijest.net\/ca?id=132"]},"organizer":[{"id":135,"author":"1","status":"publish","date":"2024-12-05 21:54:25","date_utc":"2024-12-05 20:54:25","modified":"2025-07-15 14:02:16","modified_utc":"2025-07-15 12:02:16","url":"https:\/\/povijest.net\/ca\/organizator\/clionaut-akademija\/","organizer":"Clionaut Akademija","slug":"clionaut-akademija","image":{"url":"https:\/\/povijest.net\/ca\/wp-content\/uploads\/2024\/12\/CA.jpg","id":136,"extension":"jpg","width":200,"height":200,"filesize":5070,"sizes":{"thumbnail":{"width":150,"height":150,"mime-type":"image\/jpeg","filesize":4659,"url":"https:\/\/povijest.net\/ca\/wp-content\/uploads\/2024\/12\/CA-150x150.jpg"}}},"phone":"+385 98 632 507","website":"https:\/\/povijest.net\/ca\/","email":"shop@povijest.net","json_ld":{"@type":"Person","name":"Clionaut Akademija","description":"","image":"https:\/\/povijest.net\/ca\/wp-content\/uploads\/2024\/12\/CA.jpg","url":"https:\/\/povijest.net\/ca\/","telephone":"+385 98 632 507","email":"&#115;h&#111;&#112;&#64;p&#111;v&#105;jes&#116;&#46;&#110;e&#116;","sameAs":"https:\/\/povijest.net\/ca\/"},"global_id":"povijest.net\/ca?id=135","global_id_lineage":["povijest.net\/ca?id=135"]}],"custom_fields":[],"json_ld":{"@context":"http:\/\/schema.org","@type":"Event","name":"Ud\u017ebenik povijesti u Hrvatskoj \u2013 od kreacije do zabrane","description":"&lt;p&gt;Kako nastaje povijesni ud\u017ebenik? Koliko su slobodni autori da pi\u0161u ono \u0161to misle? Jeste li se ikad pitali za\u0161to neki ud\u017ebenici \u2018nestaju\u2019 iz na\u0161ih \u0161kola? Pisanje i odobravanje ud\u017ebenika nije [&hellip;]&lt;\/p&gt;\\n","image":"https:\/\/povijest.net\/ca\/wp-content\/uploads\/2024\/12\/zabranjen_udzbenik-1.jpg","url":"https:\/\/povijest.net\/ca\/edukacija\/udzbenik-povijesti-u-hrvatskoj-od-kreacije-do-zabrane\/","eventAttendanceMode":"https:\/\/schema.org\/OfflineEventAttendanceMode","eventStatus":"https:\/\/schema.org\/EventScheduled","startDate":"2024-12-16T18:00:00+01:00","endDate":"2024-12-16T19:30:00+01:00","location":{"@type":"Place","name":"Zoom","description":"","image":"https:\/\/povijest.net\/ca\/wp-content\/uploads\/2024\/12\/zoom.jpg","url":"","address":{"@type":"PostalAddress"},"telephone":"","sameAs":""},"organizer":{"@type":"Person","name":"Clionaut Akademija","description":"","image":"https:\/\/povijest.net\/ca\/wp-content\/uploads\/2024\/12\/CA.jpg","url":"https:\/\/povijest.net\/ca\/","telephone":"+385 98 632 507","email":"s&#104;o&#112;&#64;&#112;&#111;&#118;&#105;j&#101;s&#116;.ne&#116;","sameAs":"https:\/\/povijest.net\/ca\/"},"offers":{"@type":"Offer","price":"10","priceCurrency":"EUR","url":"https:\/\/povijest.net\/ca\/edukacija\/udzbenik-povijesti-u-hrvatskoj-od-kreacije-do-zabrane\/","category":"primary","availability":"inStock","validFrom":"1970-01-01T00:00:00+00:00"},"performer":"Organization"}}